{"id":30334,"date":"2025-02-09T18:46:11","date_gmt":"2025-02-09T18:46:11","guid":{"rendered":"https:\/\/247stiri.ro\/index.php\/2025\/02\/09\/diana-sosoaca-vrea-sa-ajunga-la-cotroceni-desi-a-fost-blocata-in-toamna-s-a-apucat-sa-stranga-semnaturi-alegerile-din-luna-mai\/"},"modified":"2025-02-09T18:46:11","modified_gmt":"2025-02-09T18:46:11","slug":"diana-sosoaca-vrea-sa-ajunga-la-cotroceni-desi-a-fost-blocata-in-toamna-s-a-apucat-sa-stranga-semnaturi-alegerile-din-luna-mai","status":"publish","type":"post","link":"https:\/\/247stiri.ro\/index.php\/2025\/02\/09\/diana-sosoaca-vrea-sa-ajunga-la-cotroceni-desi-a-fost-blocata-in-toamna-s-a-apucat-sa-stranga-semnaturi-alegerile-din-luna-mai\/","title":{"rendered":"Diana \u0218o\u0219oac\u0103 vrea s\u0103 ajung\u0103 la Cotroceni, de\u0219i a fost blocat\u0103 \u00een toamn\u0103. S-a apucat s\u0103 str\u00e2ng\u0103 semn\u0103turi alegerile din luna mai"},"content":{"rendered":"<p class=\"selectable-text copyable-text x15bjb6t x1n2onr6\">\u201eDiana pre\u0219edinte 2025. Semneaz\u0103 pentru Rom\u00e2nia. Puterea este \u00een m\u00e2inile tale\u201d, scrie \u00een mesaj.<\/p>\n<p class=\"selectable-text copyable-text x15bjb6t x1n2onr6\">La alegerile preziden\u021biale de anul trecut candidatura Dianei \u0218o\u0219oac\u0103 a fost respins\u0103 de CCR. Judec\u0103torii au stabilit c\u0103 \u0218o\u0219oac\u0103 nu poate candida pentru func\u021bia de pre\u0219edinte al Rom\u00e2niei deoarece convingerile sale nu sunt compatibile cu valorile democra\u0163iei.<\/p>\n<p class=\"selectable-text copyable-text x15bjb6t x1n2onr6\">\n<\/p><p class=\"selectable-text copyable-text x15bjb6t x1n2onr6\"> Judec\u0103torii au mai spus c\u0103 dac\u0103 \u0218o\u0219oac\u0103 ar deveni pre\u0219edinte ar pune \u00een pericol apartenen\u021ba Rom\u00e2niei la UE \u0219i NATO.<\/p>\n<p class=\"selectable-text copyable-text x15bjb6t x1n2onr6\">\u00a0<\/p>","protected":false},"excerpt":{"rendered":"<p>\u201eDiana pre\u0219edinte 2025. Semneaz\u0103 pentru Rom\u00e2nia. Puterea este \u00een m\u00e2inile tale\u201d, scrie \u00een mesaj. La&hellip;<\/p>\n","protected":false},"author":0,"featured_media":30335,"comment_status":"open","ping_status":"open","sticky":false,"template":"","format":"standard","meta":{"footnotes":""},"categories":[2],"tags":[],"class_list":["post-30334","post","type-post","status-publish","format-standard","has-post-thumbnail","hentry","category-actual"],"_links":{"self":[{"href":"https:\/\/247stiri.ro\/index.php\/wp-json\/wp\/v2\/posts\/30334","targetHints":{"allow":["GET"]}}],"collection":[{"href":"https:\/\/247stiri.ro\/index.php\/wp-json\/wp\/v2\/posts"}],"about":[{"href":"https:\/\/247stiri.ro\/index.php\/wp-json\/wp\/v2\/types\/post"}],"replies":[{"embeddable":true,"href":"https:\/\/247stiri.ro\/index.php\/wp-json\/wp\/v2\/comments?post=30334"}],"version-history":[{"count":0,"href":"https:\/\/247stiri.ro\/index.php\/wp-json\/wp\/v2\/posts\/30334\/revisions"}],"wp:featuredmedia":[{"embeddable":true,"href":"https:\/\/247stiri.ro\/index.php\/wp-json\/wp\/v2\/media\/30335"}],"wp:attachment":[{"href":"https:\/\/247stiri.ro\/index.php\/wp-json\/wp\/v2\/media?parent=30334"}],"wp:term":[{"taxonomy":"category","embeddable":true,"href":"https:\/\/247stiri.ro\/index.php\/wp-json\/wp\/v2\/categories?post=30334"},{"taxonomy":"post_tag","embeddable":true,"href":"https:\/\/247stiri.ro\/index.php\/wp-json\/wp\/v2\/tags?post=30334"}],"curies":[{"name":"wp","href":"https:\/\/api.w.org\/{rel}","templated":true}]}}