{"id":30351,"date":"2025-02-09T20:46:21","date_gmt":"2025-02-09T20:46:21","guid":{"rendered":"https:\/\/247stiri.ro\/index.php\/2025\/02\/09\/tragedie-in-armata-romana-un-miliar-in-varsta-de-doar-35-de-ani-i-a-murit-la-sarajevo-mesaj-mapn\/"},"modified":"2025-02-09T20:46:21","modified_gmt":"2025-02-09T20:46:21","slug":"tragedie-in-armata-romana-un-miliar-in-varsta-de-doar-35-de-ani-i-a-murit-la-sarajevo-mesaj-mapn","status":"publish","type":"post","link":"https:\/\/247stiri.ro\/index.php\/2025\/02\/09\/tragedie-in-armata-romana-un-miliar-in-varsta-de-doar-35-de-ani-i-a-murit-la-sarajevo-mesaj-mapn\/","title":{"rendered":"Tragedie \u00een Armata Rom\u00e2n\u0103. Un miliar \u00een v\u00e2rst\u0103 de doar 35 de ani i a murit la Sarajevo. Mesaj MApN"},"content":{"rendered":"<p>Sergentul major Parlac Ionu\u021b Cosmin, \u00een v\u00e2rst\u0103 de 35 ani, din cadrul Batalionului 281 Sprijin Foc\u0219ani, a decedat ast\u0103zi, 9 februarie, \u00een Sarajevo, Bosnia \u0219i Her\u021begovinaa, a transmis.<\/p>\n<p>\u201eMIlitarul, care se afla\u00a0 \u00een timpul liber, a suferit o accidentare grav\u0103 \u00een timp ce practica \u00eenotul recreativ, \u00eentr-un complex acvatic din Sarajevo. Imediat dup\u0103 producerea incidentului, o ambulan\u021b\u0103 a sosit la fa\u021ba locului. Dup\u0103 acordarea primului ajutor, echipajul medical l-a transportat de urgen\u021b\u0103 la Spitalul Universitar din Sarajevo. \u00cen pofida eforturilor depuse de personalul medical, la scurt timp dup\u0103 sosirea \u00een unitatea spitaliceasc\u0103 a fost constatat decesul militarului. Subofi\u021berul se afla \u00een \u00eenvoire \u0219i f\u0103cea parte din Batalionul Multina\u021bional al EUFOR, fiind la prima misiune \u00eentr-un teatru de opera\u021bii\u201d, informeaz\u0103 Ministerul Ap\u0103r\u0103rii.<\/p>\n<p>Sergentul major Parlac era angajat \u00een MApN din anul 2019. Acesta era c\u0103s\u0103torit \u0219i avea doi copii.<\/p>\n<p>\u00a0<\/p>","protected":false},"excerpt":{"rendered":"<p>Sergentul major Parlac Ionu\u021b Cosmin, \u00een v\u00e2rst\u0103 de 35 ani, din cadrul Batalionului 281 Sprijin&hellip;<\/p>\n","protected":false},"author":0,"featured_media":30352,"comment_status":"open","ping_status":"open","sticky":false,"template":"","format":"standard","meta":{"footnotes":""},"categories":[2],"tags":[],"class_list":["post-30351","post","type-post","status-publish","format-standard","has-post-thumbnail","hentry","category-actual"],"_links":{"self":[{"href":"https:\/\/247stiri.ro\/index.php\/wp-json\/wp\/v2\/posts\/30351","targetHints":{"allow":["GET"]}}],"collection":[{"href":"https:\/\/247stiri.ro\/index.php\/wp-json\/wp\/v2\/posts"}],"about":[{"href":"https:\/\/247stiri.ro\/index.php\/wp-json\/wp\/v2\/types\/post"}],"replies":[{"embeddable":true,"href":"https:\/\/247stiri.ro\/index.php\/wp-json\/wp\/v2\/comments?post=30351"}],"version-history":[{"count":0,"href":"https:\/\/247stiri.ro\/index.php\/wp-json\/wp\/v2\/posts\/30351\/revisions"}],"wp:featuredmedia":[{"embeddable":true,"href":"https:\/\/247stiri.ro\/index.php\/wp-json\/wp\/v2\/media\/30352"}],"wp:attachment":[{"href":"https:\/\/247stiri.ro\/index.php\/wp-json\/wp\/v2\/media?parent=30351"}],"wp:term":[{"taxonomy":"category","embeddable":true,"href":"https:\/\/247stiri.ro\/index.php\/wp-json\/wp\/v2\/categories?post=30351"},{"taxonomy":"post_tag","embeddable":true,"href":"https:\/\/247stiri.ro\/index.php\/wp-json\/wp\/v2\/tags?post=30351"}],"curies":[{"name":"wp","href":"https:\/\/api.w.org\/{rel}","templated":true}]}}