{"id":30354,"date":"2025-02-09T20:46:22","date_gmt":"2025-02-09T20:46:22","guid":{"rendered":"https:\/\/247stiri.ro\/index.php\/2025\/02\/09\/crin-antonescu-spune-ca-este-posibil-ca-iohannis-sa-si-anunte-luni-retragerea-la-intalnirea-cu-liderii-de-coalitie\/"},"modified":"2025-02-09T20:46:22","modified_gmt":"2025-02-09T20:46:22","slug":"crin-antonescu-spune-ca-este-posibil-ca-iohannis-sa-si-anunte-luni-retragerea-la-intalnirea-cu-liderii-de-coalitie","status":"publish","type":"post","link":"https:\/\/247stiri.ro\/index.php\/2025\/02\/09\/crin-antonescu-spune-ca-este-posibil-ca-iohannis-sa-si-anunte-luni-retragerea-la-intalnirea-cu-liderii-de-coalitie\/","title":{"rendered":"Crin Antonescu spune c\u0103 este posibil ca Iohannis s\u0103-\u0219i anun\u021be luni retragerea, la \u00eent\u00e2lnirea cu liderii de coali\u021bie"},"content":{"rendered":"<p>\u201eLa aceast\u0103 \u00eent\u00e2lnire pot s\u0103 presupun c\u0103 poate fi vorba de varianta \u00een care pre\u0219edintele decide s\u0103 se retrag\u0103. De asemenea, s-ar putea discuta despre procedura de suspendare care \u00eencepe \u00een Parlament. Se poate s\u0103 vrea s\u0103 afle dac\u0103 este posibil s\u0103 fie suspendat\u201d, a r\u0103spuns Antonescu, la \u00eentrebarea moderatoarei TVR Info, privind scopul \u00eent\u00e2lnirii de luni a liderilor coali\u021biei cu pre\u0219edintele Iohannis.<\/p>\n<p class=\"p2\">Antonescu a mai afirmat c\u0103 liderii coali\u021biei ar putea cere mai multe \u201eelemente\u201d legat de decizia anul\u0103rii alegerilor preziden\u021biale din decembrie: \u201eDup\u0103 cum \u0219ti\u021bi, se cunosc motivele pentru care Curtea Constitu\u0163ional\u0103 a anulat turul doi al alegerilor, dar \u00een opinia public\u0103 exist\u0103 \u00een continuare o solicitare\/o a\u015fteptare de date noi, care s\u0103 ne fac\u0103 mai clar de ce s-a anulat acel tur de alegeri\u201d.<\/p>\n<p><a href=\"https:\/\/www.realitatea.net\/stiri\/actual\/sedinta-decisiva-pentru-debarcarea-lui-iohannis-opozitia-pregateste-debarcarea-faraonului-ce-face-coalitia_67a8c599472e7c721f275042\" target=\"_blank\">\u0218edin\u021b\u0103 decisiv\u0103 pentru debarcarea lui Iohannis. Opozi\u021bia preg\u0103te\u0219te debarcarea Faraonului, ce face Coali\u021bia?<\/a><\/p>\n<p>Antonescu a precizat c\u0103 dac\u0103 se va ajunge \u00een situa\u021bia ca \u0219eful statului s\u0103 fie suspendat de Parlament, ar avea mai mult de pierdut dec\u00e2t dac\u0103 face singur pasul \u00eenapoi.<\/p>\n<p>\u201eCu bune cu rele, mandatele sale preziden\u021biale s-au \u00eencheiat, daca se ajunge la suspendare, referendum, demitere\u2026Nu cred c\u0103 un pre\u0219edinte vrea s\u0103 ias\u0103 din func\u021bie prin demitere. Daca e\u0219ti demis \u00ee\u021bi pierzi drepturile prev\u0103zute de lege pentru fo\u0219ti pre\u0219edin\u021bi\u201d, a comentat Crin Antonescu. Totu\u0219i, acesta mai apreciaz\u0103 c\u0103 dac\u0103 s-ar ajunge la demersul de demitere parlamentarii pro occident vor vota \u00eempotriv\u0103: \u201eSper ca majoritatea s\u0103 resping\u0103 demersul suspend\u0103rii\u201d.<\/p>\n<p>Candidatul comun al Coali\u021biei a mai spus c\u0103 \u00een cazul \u00een care se retrage Iohannis, liderul PNL Ilie Bolojan e preg\u0103tit s\u0103 preia pre\u0219edin\u021bia \u00een interimat.<\/p>\n<p class=\"p2\">\u00a0<\/p>","protected":false},"excerpt":{"rendered":"<p>\u201eLa aceast\u0103 \u00eent\u00e2lnire pot s\u0103 presupun c\u0103 poate fi vorba de varianta \u00een care pre\u0219edintele&hellip;<\/p>\n","protected":false},"author":0,"featured_media":30345,"comment_status":"open","ping_status":"open","sticky":false,"template":"","format":"standard","meta":{"footnotes":""},"categories":[2],"tags":[],"class_list":["post-30354","post","type-post","status-publish","format-standard","has-post-thumbnail","hentry","category-actual"],"_links":{"self":[{"href":"https:\/\/247stiri.ro\/index.php\/wp-json\/wp\/v2\/posts\/30354","targetHints":{"allow":["GET"]}}],"collection":[{"href":"https:\/\/247stiri.ro\/index.php\/wp-json\/wp\/v2\/posts"}],"about":[{"href":"https:\/\/247stiri.ro\/index.php\/wp-json\/wp\/v2\/types\/post"}],"replies":[{"embeddable":true,"href":"https:\/\/247stiri.ro\/index.php\/wp-json\/wp\/v2\/comments?post=30354"}],"version-history":[{"count":0,"href":"https:\/\/247stiri.ro\/index.php\/wp-json\/wp\/v2\/posts\/30354\/revisions"}],"wp:featuredmedia":[{"embeddable":true,"href":"https:\/\/247stiri.ro\/index.php\/wp-json\/wp\/v2\/media\/30345"}],"wp:attachment":[{"href":"https:\/\/247stiri.ro\/index.php\/wp-json\/wp\/v2\/media?parent=30354"}],"wp:term":[{"taxonomy":"category","embeddable":true,"href":"https:\/\/247stiri.ro\/index.php\/wp-json\/wp\/v2\/categories?post=30354"},{"taxonomy":"post_tag","embeddable":true,"href":"https:\/\/247stiri.ro\/index.php\/wp-json\/wp\/v2\/tags?post=30354"}],"curies":[{"name":"wp","href":"https:\/\/api.w.org\/{rel}","templated":true}]}}