{"id":30357,"date":"2025-02-09T20:46:23","date_gmt":"2025-02-09T20:46:23","guid":{"rendered":"https:\/\/247stiri.ro\/index.php\/2025\/02\/09\/val-de-ger-polar-peste-romania-temperaturile-scad-pana-la-minus-20-de-grade-si-va-ninge\/"},"modified":"2025-02-09T20:46:23","modified_gmt":"2025-02-09T20:46:23","slug":"val-de-ger-polar-peste-romania-temperaturile-scad-pana-la-minus-20-de-grade-si-va-ninge","status":"publish","type":"post","link":"https:\/\/247stiri.ro\/index.php\/2025\/02\/09\/val-de-ger-polar-peste-romania-temperaturile-scad-pana-la-minus-20-de-grade-si-va-ninge\/","title":{"rendered":"Val de ger polar peste Rom\u00e2nia. Temperaturile scad p\u00e2n\u0103 la minus 20 de grade \u0219i va ninge"},"content":{"rendered":"<p>Cel mai ger va fi, ca de obicei, \u00een estul Transilvaniei, unde mercurul din termometre va cobor\u00ee p\u00e2n\u0103 la -20 de grade Celsius pe timp de noapte. Ceea ce este \u00eens\u0103 mai pu\u021bin obi\u0219nuit e faptul c\u0103 \u0219i Capitala va fi lovit\u0103 \u00een plin de acest val de ger, iar minimele prognozate pentru perioada imediat urm\u0103toare vor sc\u0103dea p\u00e2n\u0103 la -8 grade Celsius.<\/p>\n<p>\u201eVorbim de ger local \u00een Transilvania, \u00een Moldova, adic\u0103 temperaturi sub -10 grade Celsius. De asemenea, prin dealurile din sud \u0219i din sud-vest vor fi temperaturi u\u0219or sub -10 grade \u0219i \u00eentr-adev\u0103r, \u00een urm\u0103toarele dou\u0103 nop\u021bi, \u00een estul Transilvaniei, la polul frigului, a\u0219a cum \u0219tim, vom atinge temperaturi p\u00e2n\u0103 spre -20\u2026 -18 grade Celsius\u201d, a declarat Mihai Timu, meteorolog ANM, la un post TV, citat de BZI.<\/p>\n<p>Ger \u0219i \u00een Bucure\u0219tiVremea \u00een Capital\u0103 va deveni tot mai dur\u0103 de la \u00eenceputul s\u0103pt\u0103m\u00e2nii. \u201eA fost nebulozitate \u0219i temperatura nu a sc\u0103zut prea mult, au fost -3 grade Celsius, dar \u00een nop\u021bile urm\u0103toare, \u00een condi\u021biile \u00een care cerul va fi mai mult degajat de nori, o s\u0103 \u00eenregistr\u0103m \u0219i \u00een Bucure\u0219ti undeva pe la -5 grade Celsius \u00een centrul ora\u0219ului, -7, -8 grade Celsius \u00een zona periferic\u0103 a ora\u0219ului\u201d, a mai spus Mihai Timu.<\/p>\n<p>Meteorologul de la Administra\u021bia Na\u021bional\u0103 de Meteorologie ma spune c\u0103 \u00een Bucure\u0219ti va fi foarte frig \u0219i \u00een timpul zilei, mai ales \u00een parte de est \u0219i sud-est a Capitalei, unde maximele vor urca p\u00e2n\u0103 la cel mult 3 grade Celsius.<\/p>","protected":false},"excerpt":{"rendered":"<p>Cel mai ger va fi, ca de obicei, \u00een estul Transilvaniei, unde mercurul din termometre&hellip;<\/p>\n","protected":false},"author":0,"featured_media":30358,"comment_status":"open","ping_status":"open","sticky":false,"template":"","format":"standard","meta":{"footnotes":""},"categories":[2],"tags":[],"class_list":["post-30357","post","type-post","status-publish","format-standard","has-post-thumbnail","hentry","category-actual"],"_links":{"self":[{"href":"https:\/\/247stiri.ro\/index.php\/wp-json\/wp\/v2\/posts\/30357","targetHints":{"allow":["GET"]}}],"collection":[{"href":"https:\/\/247stiri.ro\/index.php\/wp-json\/wp\/v2\/posts"}],"about":[{"href":"https:\/\/247stiri.ro\/index.php\/wp-json\/wp\/v2\/types\/post"}],"replies":[{"embeddable":true,"href":"https:\/\/247stiri.ro\/index.php\/wp-json\/wp\/v2\/comments?post=30357"}],"version-history":[{"count":0,"href":"https:\/\/247stiri.ro\/index.php\/wp-json\/wp\/v2\/posts\/30357\/revisions"}],"wp:featuredmedia":[{"embeddable":true,"href":"https:\/\/247stiri.ro\/index.php\/wp-json\/wp\/v2\/media\/30358"}],"wp:attachment":[{"href":"https:\/\/247stiri.ro\/index.php\/wp-json\/wp\/v2\/media?parent=30357"}],"wp:term":[{"taxonomy":"category","embeddable":true,"href":"https:\/\/247stiri.ro\/index.php\/wp-json\/wp\/v2\/categories?post=30357"},{"taxonomy":"post_tag","embeddable":true,"href":"https:\/\/247stiri.ro\/index.php\/wp-json\/wp\/v2\/tags?post=30357"}],"curies":[{"name":"wp","href":"https:\/\/api.w.org\/{rel}","templated":true}]}}