{"id":30361,"date":"2025-02-09T21:46:11","date_gmt":"2025-02-09T21:46:11","guid":{"rendered":"https:\/\/247stiri.ro\/index.php\/2025\/02\/09\/sorin-ovidiu-vintu-dezaluie-de-ce-este-speriata-actuala-putere-de-calin-georgescu-video\/"},"modified":"2025-02-09T21:46:11","modified_gmt":"2025-02-09T21:46:11","slug":"sorin-ovidiu-vintu-dezaluie-de-ce-este-speriata-actuala-putere-de-calin-georgescu-video","status":"publish","type":"post","link":"https:\/\/247stiri.ro\/index.php\/2025\/02\/09\/sorin-ovidiu-vintu-dezaluie-de-ce-este-speriata-actuala-putere-de-calin-georgescu-video\/","title":{"rendered":"Sorin Ovidiu V\u00eentu dez\u0103luie de ce este speriat\u0103 actuala putere de C\u0103lin Georgescu \u2013 VIDEO"},"content":{"rendered":"<p>\u00centrebat pe cine ar vota \u00een actualul context politic, omul de afaceri a afirmat c\u0103 pe C\u0103lin Georgescu. V\u00eentul a precizat c\u0103 este un exerci\u021biu de imagina\u021bie, pentru c\u0103 nu voteaz\u0103, neav\u00e2nd \u00eencredere \u00een &#8222;a\u0219a-zisul sistem democratic, ideologia v\u00e2ndut\u0103 de amerciani peste tot pentru a putea ocupa lumea&#8221;<\/p>\n<p>&#8222;Dac\u0103 a\u0219 vota azi, de departe a\u0219 vota cu C\u0103lin Gerogescu.\u00a0 De departe. \u00centre to\u021bi cei care candideaz\u0103 ast\u0103zi \u0219i C\u0103lin Gheorgescu este o pr\u0103pastie uria\u0219\u0103. C\u0103lin Gheorgescu, v\u0103 repet, nu are cuno\u0219tin\u021be economice, de finan\u021b\u0103, de moned\u0103.Cultura lui general\u0103 este o cultur\u0103 de almanh. Dar are o calitate extraordinar\u0103 acest individ. Este un patriot autentic. Acest om va rade toat\u0103 aceast\u0103 clas\u0103 politic\u0103.<\/p>\n<p>De aceea am spus \u00eentr-o postare pe TikTok c\u0103 \u00eemi voi pune la dispozi\u021bia lui C\u0103lin Gheorgescu, dac\u0103 va fi l\u0103sat s\u0103 candideze, toat\u0103 expertiza mea colosal\u0103 pe care o am \u00een aceste domenii&#8221;, a afirmat Sorin Ovidiu V\u00eentu, \u00eentr-un amplu interviu acordat \u00een exclusivitate Anc\u0103i Alexandrescu.<\/p>\n<p>\u00a0<\/p>","protected":false},"excerpt":{"rendered":"<p>\u00centrebat pe cine ar vota \u00een actualul context politic, omul de afaceri a afirmat c\u0103&hellip;<\/p>\n","protected":false},"author":0,"featured_media":30360,"comment_status":"open","ping_status":"open","sticky":false,"template":"","format":"standard","meta":{"footnotes":""},"categories":[2],"tags":[],"class_list":["post-30361","post","type-post","status-publish","format-standard","has-post-thumbnail","hentry","category-actual"],"_links":{"self":[{"href":"https:\/\/247stiri.ro\/index.php\/wp-json\/wp\/v2\/posts\/30361","targetHints":{"allow":["GET"]}}],"collection":[{"href":"https:\/\/247stiri.ro\/index.php\/wp-json\/wp\/v2\/posts"}],"about":[{"href":"https:\/\/247stiri.ro\/index.php\/wp-json\/wp\/v2\/types\/post"}],"replies":[{"embeddable":true,"href":"https:\/\/247stiri.ro\/index.php\/wp-json\/wp\/v2\/comments?post=30361"}],"version-history":[{"count":0,"href":"https:\/\/247stiri.ro\/index.php\/wp-json\/wp\/v2\/posts\/30361\/revisions"}],"wp:featuredmedia":[{"embeddable":true,"href":"https:\/\/247stiri.ro\/index.php\/wp-json\/wp\/v2\/media\/30360"}],"wp:attachment":[{"href":"https:\/\/247stiri.ro\/index.php\/wp-json\/wp\/v2\/media?parent=30361"}],"wp:term":[{"taxonomy":"category","embeddable":true,"href":"https:\/\/247stiri.ro\/index.php\/wp-json\/wp\/v2\/categories?post=30361"},{"taxonomy":"post_tag","embeddable":true,"href":"https:\/\/247stiri.ro\/index.php\/wp-json\/wp\/v2\/tags?post=30361"}],"curies":[{"name":"wp","href":"https:\/\/api.w.org\/{rel}","templated":true}]}}