{"id":30375,"date":"2025-02-10T05:46:31","date_gmt":"2025-02-10T05:46:31","guid":{"rendered":"https:\/\/247stiri.ro\/index.php\/2025\/02\/10\/sedinta-decisiva-pentru-debarcarea-lui-klaus-iohannis-opozitia-pregateste-demisia-faraonului-cum-vrea-faraonul-sa-si-pastreze-privilegiile\/"},"modified":"2025-02-10T05:46:31","modified_gmt":"2025-02-10T05:46:31","slug":"sedinta-decisiva-pentru-debarcarea-lui-klaus-iohannis-opozitia-pregateste-demisia-faraonului-cum-vrea-faraonul-sa-si-pastreze-privilegiile","status":"publish","type":"post","link":"https:\/\/247stiri.ro\/index.php\/2025\/02\/10\/sedinta-decisiva-pentru-debarcarea-lui-klaus-iohannis-opozitia-pregateste-demisia-faraonului-cum-vrea-faraonul-sa-si-pastreze-privilegiile\/","title":{"rendered":"\u0218edin\u021b\u0103 decisiv\u0103 pentru debarcarea lui Klaus Iohannis. Opozi\u021bia preg\u0103te\u0219te demisia faraonului. Cum vrea faraonul s\u0103-\u0219i p\u0103streze privilegiile"},"content":{"rendered":"<p>Surse politice spun c\u0103, de aceast\u0103 dat\u0103, propunerea are toate \u0219ansele s\u0103 treac\u0103, iar Klaus Iohannis ar putea fi demis.\u00a0<\/p>\n<p>Propunerea trebuie s\u0103 ajung\u0103 pe masa Biroului Permanent Reunit din Parlament, unde senatorii \u0219i deputa\u021bii trebuie s\u0103 decid\u0103 dac\u0103 trimit propunerea la CCR.<\/p>\n<p>Magistratii sunt cei care trebuie s\u0103 dea apoi un aviz consultativ pe propunere. Asta \u00eenseamn\u0103 c\u0103, la votul \u00een plen, parlamentarii pot s\u0103 nu \u021bin\u0103 cont de acest aviz \u0219i pot vota a\u0219a cum \u00ee\u0219i doresc.\u00a0<\/p>\n<p>Surse din Parlament citate de Realitatea PLUS sus\u021bin c\u0103, de aceast\u0103 dat\u0103, este foarte posibil ca solicitarea s\u0103 treac\u0103 de Biroul Permanent \u0219i s\u0103 ajung\u0103 la votul plenului, acolo unde are \u0219anse destul de mari s\u0103 treac\u0103.\u00a0<\/p>\n<p>Cererea pentru suspendarea lui Iohannis se discut\u0103 pentru a treia oar\u0103 \u00een Parlament. C\u00e2te semn\u0103turi au fost str\u00e2nse<\/p>\n<p>Cererea de suspendare a pre\u015fedintelui Klaus Iohannis intr\u0103, ast\u0103zi, pentru a treia oar\u0103 \u00een \u015fedin\u0163a Birourilor reunite ale Parlamentului.<\/p>\n<p>Dup\u0103 ce solicitarea Opozi\u0163iei a fost respins\u0103 de dou\u0103 ori, din motive procedurale, de data aceasta POT, AUR, SOS \u015fi USR au str\u00e2ns 178 de semn\u0103turi.<\/p>\n<p>Cu toate acestea, partidele semnatare nu au voturile necesare pentru a trece o astfel de solicitare, \u00een plenul reunit, fiind necesare 233 de voturi, iar aceste partide av\u00e2nd doar 215 voturi \u00een cele dou\u0103 Camere.<\/p>\n<p>Ce strategie are Klaus Iohannis pentru a-\u0219i p\u0103stra privilegiile?<\/p>\n<p>Crin Antonescu arunc\u0103 bomba \u0219i spune c\u0103 Iohannis ar putea s\u0103 \u00ee\u0219i anun\u021be chiar ast\u0103zi retragerea!<\/p>\n<p>Candidatul coali\u021biei la preziden\u021biale a transmis c\u0103 anun\u021bul ar putea fi f\u0103cut \u00een cadrul \u00eent\u00e2lnirii de ast\u0103zi dintre pre\u0219edintele ilegitim \u0219i liderii coali\u021biei.\u00a0<\/p>\n<p>\u201eLa aceast\u0103 \u00eent\u00e2lnire pot s\u0103 presupun c\u0103 poate fi vorba de varianta \u00een care pre\u0219edintele decide s\u0103 se retrag\u0103\u201d, spune Antonescu. Mai mult, spune candidatul coali\u021biei, Iohannis ar vrea s\u0103 afle dac\u0103 este posibil s\u0103 fie suspendat, av\u00e2nd \u00een vedere procedura declan\u0219at\u0103 \u00een Parlament.<\/p>\n<p>Crin Antonescu nu a ezitat s\u0103 transmit\u0103 c\u0103 ar fi o pierdere pentru pre\u0219edintele ilegitim dac\u0103 ar ie\u0219i din func\u021bie prin demitere, caz \u00een care \u0219i-ar pierde \u0219i drepturile de fost \u0219ef de stat.\u00a0<\/p>\n<p>Cel care va prelua func\u021bia \u00een cazul retragerii lui Iohannis este Ilie Bolojan, confirm\u0103 Crin Antonescu.\u00a0<\/p>\n<p>Pe de alt\u0103 parte, \u00een cadrul \u00eent\u00e2lnirii de ast\u0103zi, liderii coali\u021biei vor s\u0103 cear\u0103 mai multe explica\u021bii cu privire la anularea alegerilor.\u00a0<\/p>","protected":false},"excerpt":{"rendered":"<p>Surse politice spun c\u0103, de aceast\u0103 dat\u0103, propunerea are toate \u0219ansele s\u0103 treac\u0103, iar Klaus&hellip;<\/p>\n","protected":false},"author":0,"featured_media":30376,"comment_status":"open","ping_status":"open","sticky":false,"template":"","format":"standard","meta":{"footnotes":""},"categories":[3],"tags":[],"class_list":["post-30375","post","type-post","status-publish","format-standard","has-post-thumbnail","hentry","category-politica"],"_links":{"self":[{"href":"https:\/\/247stiri.ro\/index.php\/wp-json\/wp\/v2\/posts\/30375","targetHints":{"allow":["GET"]}}],"collection":[{"href":"https:\/\/247stiri.ro\/index.php\/wp-json\/wp\/v2\/posts"}],"about":[{"href":"https:\/\/247stiri.ro\/index.php\/wp-json\/wp\/v2\/types\/post"}],"replies":[{"embeddable":true,"href":"https:\/\/247stiri.ro\/index.php\/wp-json\/wp\/v2\/comments?post=30375"}],"version-history":[{"count":0,"href":"https:\/\/247stiri.ro\/index.php\/wp-json\/wp\/v2\/posts\/30375\/revisions"}],"wp:featuredmedia":[{"embeddable":true,"href":"https:\/\/247stiri.ro\/index.php\/wp-json\/wp\/v2\/media\/30376"}],"wp:attachment":[{"href":"https:\/\/247stiri.ro\/index.php\/wp-json\/wp\/v2\/media?parent=30375"}],"wp:term":[{"taxonomy":"category","embeddable":true,"href":"https:\/\/247stiri.ro\/index.php\/wp-json\/wp\/v2\/categories?post=30375"},{"taxonomy":"post_tag","embeddable":true,"href":"https:\/\/247stiri.ro\/index.php\/wp-json\/wp\/v2\/tags?post=30375"}],"curies":[{"name":"wp","href":"https:\/\/api.w.org\/{rel}","templated":true}]}}