{"id":30423,"date":"2025-02-10T08:44:55","date_gmt":"2025-02-10T08:44:55","guid":{"rendered":"https:\/\/247stiri.ro\/index.php\/2025\/02\/10\/ger-de-crapa-pietrele-in-romania-temperaturile-vor-scadea-la-17-grade-anuntul-de-ultima-ora-al-meteorologilor\/"},"modified":"2025-02-10T08:44:55","modified_gmt":"2025-02-10T08:44:55","slug":"ger-de-crapa-pietrele-in-romania-temperaturile-vor-scadea-la-17-grade-anuntul-de-ultima-ora-al-meteorologilor","status":"publish","type":"post","link":"https:\/\/247stiri.ro\/index.php\/2025\/02\/10\/ger-de-crapa-pietrele-in-romania-temperaturile-vor-scadea-la-17-grade-anuntul-de-ultima-ora-al-meteorologilor\/","title":{"rendered":"Ger de crap\u0103 pietrele \u00een Rom\u00e2nia. Temperaturile vor sc\u0103dea la -17 grade. Anun\u021bul de ultim\u0103 or\u0103 al meteorologilor"},"content":{"rendered":"<p>\u00cen intervalul 10 februarie, ora 10:00 \u2013 13 februarie, ora 10:00, o mas\u0103 de aer rece va cuprinde mai multe regiuni din \u021bara noastr\u0103 \u0219i va aduce <a href=\"https:\/\/www.realitatea.net\/stiri\/vremea\/prognoza-meteo-10-februarie-zonele-afectate-de-ger-temperaturi-cu-mult-sub-normalul-perioadei_67a98ab3dce59a1d0c3c8c22\" target=\"_blank\">temperaturi negative<\/a>, at\u00e2t ziua, c\u00e2t \u0219i noaptea.\u00a0<\/p>\n<p>Potrivit meteorologilor, \u00een intervalul men\u021bionat vremea va fi rece, iar pe parcursul nop\u021bilor \u0219i al dimine\u021bilor va fi ger, local \u00een centrul \u021b\u0103rii \u0219i pe arii restr\u00e2nse \u00een sud \u0219i est, precum \u0219i \u00een zonele montane.<\/p>\n<p>\u00cen aceste regiuni temperaturile minime se vor \u00eencadra \u00een general \u00eentre -14 \u0219i -6 grade, cu valori mai sc\u0103zute \u00een estul Transilvaniei, p\u00e2n\u0103 spre -17 grade.<\/p>\n<p>Luni vor fi temperaturi maxime preponderent negative (\u00een general cuprinse \u00eentre -4 \u0219i 0 grade) \u00een Moldova \u0219i Dobrogea, iar mar\u021bi \u0219i miercuri (11 \u0219i 12 februarie) local \u0219i \u00een Muntenia \u0219i Oltenia.<\/p>","protected":false},"excerpt":{"rendered":"<p>\u00cen intervalul 10 februarie, ora 10:00 \u2013 13 februarie, ora 10:00, o mas\u0103 de aer&hellip;<\/p>\n","protected":false},"author":0,"featured_media":30424,"comment_status":"open","ping_status":"open","sticky":false,"template":"","format":"standard","meta":{"footnotes":""},"categories":[2],"tags":[],"class_list":["post-30423","post","type-post","status-publish","format-standard","has-post-thumbnail","hentry","category-actual"],"_links":{"self":[{"href":"https:\/\/247stiri.ro\/index.php\/wp-json\/wp\/v2\/posts\/30423","targetHints":{"allow":["GET"]}}],"collection":[{"href":"https:\/\/247stiri.ro\/index.php\/wp-json\/wp\/v2\/posts"}],"about":[{"href":"https:\/\/247stiri.ro\/index.php\/wp-json\/wp\/v2\/types\/post"}],"replies":[{"embeddable":true,"href":"https:\/\/247stiri.ro\/index.php\/wp-json\/wp\/v2\/comments?post=30423"}],"version-history":[{"count":0,"href":"https:\/\/247stiri.ro\/index.php\/wp-json\/wp\/v2\/posts\/30423\/revisions"}],"wp:featuredmedia":[{"embeddable":true,"href":"https:\/\/247stiri.ro\/index.php\/wp-json\/wp\/v2\/media\/30424"}],"wp:attachment":[{"href":"https:\/\/247stiri.ro\/index.php\/wp-json\/wp\/v2\/media?parent=30423"}],"wp:term":[{"taxonomy":"category","embeddable":true,"href":"https:\/\/247stiri.ro\/index.php\/wp-json\/wp\/v2\/categories?post=30423"},{"taxonomy":"post_tag","embeddable":true,"href":"https:\/\/247stiri.ro\/index.php\/wp-json\/wp\/v2\/tags?post=30423"}],"curies":[{"name":"wp","href":"https:\/\/api.w.org\/{rel}","templated":true}]}}