{"id":30425,"date":"2025-02-10T08:44:55","date_gmt":"2025-02-10T08:44:55","guid":{"rendered":"https:\/\/247stiri.ro\/index.php\/2025\/02\/10\/trafic-restrictionat-pe-a1-din-cauza-unui-accident-rutier-doua-persoane-incarcerate-dupa-ce-un-tir-a-lovit-o-autoutilitara\/"},"modified":"2025-02-10T08:44:55","modified_gmt":"2025-02-10T08:44:55","slug":"trafic-restrictionat-pe-a1-din-cauza-unui-accident-rutier-doua-persoane-incarcerate-dupa-ce-un-tir-a-lovit-o-autoutilitara","status":"publish","type":"post","link":"https:\/\/247stiri.ro\/index.php\/2025\/02\/10\/trafic-restrictionat-pe-a1-din-cauza-unui-accident-rutier-doua-persoane-incarcerate-dupa-ce-un-tir-a-lovit-o-autoutilitara\/","title":{"rendered":"Trafic restric\u021bionat pe A1 din cauza unui accident rutier. Dou\u0103 persoane, \u00eencarcerate dup\u0103 ce un TIR a lovit o autoutilitar\u0103"},"content":{"rendered":"<p>Reprezentan\u021bii Centrului INFOTRAFIC au transmis c\u0103 evenimentul rutier a avut loc pe sensul de mers spre Sibiu. Potrivit lor, vinovat de <a href=\"https:\/\/www.realitatea.net\/stiri\/actual\/accident-rutier-grav-in-mehedinti-patru-persoane-siau-vazut-moartea-cu-ochii-care-este-stare-de-sanatate-a-victimelor_67a99c0df263d12ba7381812\" target=\"_blank\">producerea accidentului<\/a> este \u0219oferul unui TIR care a lovit o autoutilitar\u0103 ce se afla oprit\u0103 pe banda de urgen\u021b\u0103.<\/p>\n<p>Se pare c\u0103 autoutilitara apar\u021bine DRDP \u0219i din informa\u021biile oferite de oamenii legii, care au intervenitla fa\u021ba locului, aceasta era sta\u021bionat\u0103 \u0219i semnalizat\u0103 regulamentar.<\/p>\n<p>Impactul dintre cele dou\u0103 autovehicule a fost at\u00e2t de puternic \u00eenc\u00e2t ambii \u0219oferi au r\u0103mas \u00eencarcera\u021bi \u00eentre fiarele controsionate.<\/p>\n<p>Zeci de minute circula\u021bia rutier\u0103 a fost restric\u021bionat\u0103, fiind \u00eenchise banda de urgen\u021b\u0103 \u0219i prima band\u0103, traficul desf\u0103\u0219ur\u00e2ndu-se doar pe banda 2.\u00a0<\/p>\n<p>\u201dSe estimeaz\u0103 reluarea normal\u0103 a circula\u021biei dup\u0103 ora 10.00\u201d, au transmis reprezentan\u021bii INFOTRAFIC pe site-ul oficial al institu\u021biei.<\/p>","protected":false},"excerpt":{"rendered":"<p>Reprezentan\u021bii Centrului INFOTRAFIC au transmis c\u0103 evenimentul rutier a avut loc pe sensul de mers&hellip;<\/p>\n","protected":false},"author":0,"featured_media":30426,"comment_status":"open","ping_status":"open","sticky":false,"template":"","format":"standard","meta":{"footnotes":""},"categories":[2],"tags":[],"class_list":["post-30425","post","type-post","status-publish","format-standard","has-post-thumbnail","hentry","category-actual"],"_links":{"self":[{"href":"https:\/\/247stiri.ro\/index.php\/wp-json\/wp\/v2\/posts\/30425","targetHints":{"allow":["GET"]}}],"collection":[{"href":"https:\/\/247stiri.ro\/index.php\/wp-json\/wp\/v2\/posts"}],"about":[{"href":"https:\/\/247stiri.ro\/index.php\/wp-json\/wp\/v2\/types\/post"}],"replies":[{"embeddable":true,"href":"https:\/\/247stiri.ro\/index.php\/wp-json\/wp\/v2\/comments?post=30425"}],"version-history":[{"count":0,"href":"https:\/\/247stiri.ro\/index.php\/wp-json\/wp\/v2\/posts\/30425\/revisions"}],"wp:featuredmedia":[{"embeddable":true,"href":"https:\/\/247stiri.ro\/index.php\/wp-json\/wp\/v2\/media\/30426"}],"wp:attachment":[{"href":"https:\/\/247stiri.ro\/index.php\/wp-json\/wp\/v2\/media?parent=30425"}],"wp:term":[{"taxonomy":"category","embeddable":true,"href":"https:\/\/247stiri.ro\/index.php\/wp-json\/wp\/v2\/categories?post=30425"},{"taxonomy":"post_tag","embeddable":true,"href":"https:\/\/247stiri.ro\/index.php\/wp-json\/wp\/v2\/tags?post=30425"}],"curies":[{"name":"wp","href":"https:\/\/api.w.org\/{rel}","templated":true}]}}