{"id":30433,"date":"2025-02-10T08:44:58","date_gmt":"2025-02-10T08:44:58","guid":{"rendered":"https:\/\/247stiri.ro\/index.php\/2025\/02\/10\/iohannis-a-semnat-ce-se-intampla-cu-bugetul-pe-2025-si-cu-asigurarile-sociale\/"},"modified":"2025-02-10T08:44:58","modified_gmt":"2025-02-10T08:44:58","slug":"iohannis-a-semnat-ce-se-intampla-cu-bugetul-pe-2025-si-cu-asigurarile-sociale","status":"publish","type":"post","link":"https:\/\/247stiri.ro\/index.php\/2025\/02\/10\/iohannis-a-semnat-ce-se-intampla-cu-bugetul-pe-2025-si-cu-asigurarile-sociale\/","title":{"rendered":"Iohannis a semnat. Ce se \u00eent\u00e2mpl\u0103 cu bugetul pe 2025 \u0219i cu asigur\u0103rile sociale"},"content":{"rendered":"<p>Pre\u0219edintele Klaus Iohannis a semnat, luni, decretele pentru promulgarea Legii bugetului de stat pe anul 2025 \u0219i pentru promulgarea Legii bugetului asigur\u0103rilor sociale de stat pe anul 2025.<\/p>\n<p>Deputa\u021bii \u0219i senatorii Rom\u00e2niei au votat, miercuri, legea bugetului de stat pe 2025. Au fost de 254 de parlamentari care au votat \u201epentru\u201d \u0219i 192 care au votat \u201e\u00eempotriv\u0103\u201d<\/p>\n<p>\u00cen urma dezbaterilor din Plenul reunit, a fost votat\u0103 legea bugetului de stat pe 2025.<\/p>\n<p>Au fost 254 de voturi \u201epentru\u201d \u0219i 192 de voturi \u201e\u00eempotriv\u0103\u201d.<\/p>\n<p>Ciolacu: \u201eE buget de dezvoltare\u201d<\/p>\n<p>Premierul Marcel Ciolacu a spus, despre bugetul de stat din anul 2025, c\u0103 unii spun c\u0103 bugetul este optimist, al\u021bii c\u0103 este de austeritate, \u201edar este un buget de dezvoltare\u201d. \u00cen timpul discursului, din sal\u0103 s-a strigat \u201edemisia\u201d.<\/p>\n<p>\u201eVreau s\u0103 dau c\u00e2teva explica\u021bii generale despre modul \u00een care am construit bugetul pe 2025, anticip\u00e2nd \u0219i o serie de critici care vor veni sigur \u0219i azi. Sunt dou\u0103 mari atacuri \u00eempotriva acestui buget \u2013 \u00een mod paradoxal, aflate \u00een total\u0103 antitez\u0103 una fa\u021b\u0103 de cealalt\u0103. Unii spun c\u0103 este un buget de austeritate. Ceilal\u021bi spun c\u0103, dimpotriv\u0103, este un buget optimist \u0219i c\u0103 statul cheltuie prea mult. Austeritate \u00eenseamn\u0103 ce s-a f\u0103cut \u00een 2010: s-au t\u0103iat salariile bugetarilor \u0219i pensiile, s-a m\u0103rit TVA-ul \u0219i s-au luat bani cu \u00eemprumut de la FMI. Noi nu ne atingem de veniturile aflate \u00een plat\u0103 ale rom\u00e2nilor. Nici la pensii, unde anul trecut a existat o cre\u0219tere medie de 40%, nici la salarii unde a existat o majorare anual\u0103 de aproape 25%. Nu cre\u0219tem TVA, fiindc\u0103 am lovi \u00een nivelul de trai al popula\u021biei, \u00een special al celor cu venituri mici. \u0218i nu avem nevoie de banii FMI, folosim fonduri europene \u0219i bani din PNRR\u201d, a declarat Marcel Ciolacu.<\/p>\n<p>Premierul a mai spus c\u0103 bugetul are cea mai mare alocare de resurse din finan\u021b\u0103ri europene de la aderarea european\u0103, investi\u021bii majorate la 150 de miliarde de lei pe an, bani \u00een plus pentru spitale \u0219i servicii medicale, pentru educa\u021bie, pentru dezvoltare regional\u0103 \u0219i pentru infrastructur\u0103.<\/p>\n<p>\u201eS\u0103 trecem la cealalt\u0103 critic\u0103 \u2013 bugetul este prea generos cu cheltuielile. Am auzit un cunoscut om de afaceri care spunea c\u0103 bugetul \u021b\u0103rii ar trebui s\u0103 fie sinonim cu cel al unei firme, s\u0103 nu ai costuri mai mari dec\u00e2t veniturile. Adic\u0103, dac\u0103 ai deficit bugetar este ceva r\u0103u. Este o abordare extrem de simplist\u0103, care nu \u021bine cont de realit\u0103\u021bile \u021b\u0103rii \u0219i mai ales, de contextul economic de dezvoltare \u00een care se afl\u0103 Rom\u00e2nia. Nu exist\u0103 stat european modern care s\u0103 nu se fi dezvoltat, ca \u0219i noi, f\u0103c\u00e2nd deficite bugetare semnificative. Spania, Italia, Fran\u021ba, Portugalia, Belgia sau Grecia \u0219i alte \u021b\u0103ri moderne ale continentului au cheltuit masiv \u2013 \u0219i nu doar din bani europeni. Dac\u0103 ne uit\u0103m la gradul lor de \u00eendatorare public\u0103 \u0219i \u00eel compar\u0103m cu al Rom\u00e2niei, suntem la jum\u0103tate din ponderea lor! Iar 2025 \u0219i 2026 sunt anii de v\u00e2rf ai dezvolt\u0103rii noastre \u2013 aceasta este adev\u0103rul acceptat de partenerii din Comisia European\u0103 prin Planul Bugetar Structural. Am c\u00e2\u0219tigat o fereastr\u0103 uria\u0219\u0103 de timp pentru a ne dezvolta \u021bara, 7 ani, \u0219i am de g\u00e2nd s\u0103 o folosesc la maximum, \u00een acela\u0219i timp cu a onora la virgul\u0103 angajamentul luat \u00een fa\u021ba Comisiei de a reduce deficitul \u0219i a ne \u00eencadra \u00een 7% din PIB\u201d, a ad\u0103ugat premierul.<\/p>","protected":false},"excerpt":{"rendered":"<p>Pre\u0219edintele Klaus Iohannis a semnat, luni, decretele pentru promulgarea Legii bugetului de stat pe anul&hellip;<\/p>\n","protected":false},"author":0,"featured_media":30434,"comment_status":"open","ping_status":"open","sticky":false,"template":"","format":"standard","meta":{"footnotes":""},"categories":[2],"tags":[],"class_list":["post-30433","post","type-post","status-publish","format-standard","has-post-thumbnail","hentry","category-actual"],"_links":{"self":[{"href":"https:\/\/247stiri.ro\/index.php\/wp-json\/wp\/v2\/posts\/30433","targetHints":{"allow":["GET"]}}],"collection":[{"href":"https:\/\/247stiri.ro\/index.php\/wp-json\/wp\/v2\/posts"}],"about":[{"href":"https:\/\/247stiri.ro\/index.php\/wp-json\/wp\/v2\/types\/post"}],"replies":[{"embeddable":true,"href":"https:\/\/247stiri.ro\/index.php\/wp-json\/wp\/v2\/comments?post=30433"}],"version-history":[{"count":0,"href":"https:\/\/247stiri.ro\/index.php\/wp-json\/wp\/v2\/posts\/30433\/revisions"}],"wp:featuredmedia":[{"embeddable":true,"href":"https:\/\/247stiri.ro\/index.php\/wp-json\/wp\/v2\/media\/30434"}],"wp:attachment":[{"href":"https:\/\/247stiri.ro\/index.php\/wp-json\/wp\/v2\/media?parent=30433"}],"wp:term":[{"taxonomy":"category","embeddable":true,"href":"https:\/\/247stiri.ro\/index.php\/wp-json\/wp\/v2\/categories?post=30433"},{"taxonomy":"post_tag","embeddable":true,"href":"https:\/\/247stiri.ro\/index.php\/wp-json\/wp\/v2\/tags?post=30433"}],"curies":[{"name":"wp","href":"https:\/\/api.w.org\/{rel}","templated":true}]}}