{"id":30471,"date":"2025-02-10T11:44:48","date_gmt":"2025-02-10T11:44:48","guid":{"rendered":"https:\/\/247stiri.ro\/index.php\/2025\/02\/10\/suspendarea-lui-klaus-iohannis-intra-in-linie-dreapta-conducerea-parlamentului-analizeaza-suspendarea\/"},"modified":"2025-02-10T11:44:48","modified_gmt":"2025-02-10T11:44:48","slug":"suspendarea-lui-klaus-iohannis-intra-in-linie-dreapta-conducerea-parlamentului-analizeaza-suspendarea","status":"publish","type":"post","link":"https:\/\/247stiri.ro\/index.php\/2025\/02\/10\/suspendarea-lui-klaus-iohannis-intra-in-linie-dreapta-conducerea-parlamentului-analizeaza-suspendarea\/","title":{"rendered":"Suspendarea lui Klaus Iohannis intr\u0103 \u00een linie dreapt\u0103. Conducerea Parlamentului analizeaz\u0103 suspendarea\u00a0"},"content":{"rendered":"<p>Parlamentarii se reunesc ca s\u0103 trimit\u0103 propunerea de suspendare a pre\u0219edintelui ilegitim la Curtea Constitu\u021bional\u0103.<\/p>\n<p>Surse politice spun c\u0103, de aceast\u0103 dat\u0103, propunerea are toate \u0219ansele s\u0103 treac\u0103, iar Klaus Iohannis ar putea fi demis.<\/p>\n<p>Magistratii sunt cei care trebuie s\u0103 dea apoi un aviz consultativ pe propunere. Asta \u00eenseamn\u0103 c\u0103, la votul \u00een plen, parlamentarii pot s\u0103 nu \u021bin\u0103 cont de acest aviz \u0219i pot vota a\u0219a cum \u00ee\u0219i doresc.<\/p>\n<p>Cererea pentru suspendarea lui Iohannis se discut\u0103 pentru a treia oar\u0103 \u00een Parlament. C\u00e2te semn\u0103turi au fost str\u00e2nse<\/p>\n<p>Cererea de suspendare a pre\u015fedintelui Klaus Iohannis intr\u0103, ast\u0103zi, pentru a treia oar\u0103 \u00een \u015fedin\u0163a Birourilor reunite ale Parlamentului.<\/p>\n<p>Dup\u0103 ce solicitarea Opozi\u0163iei a fost respins\u0103 de dou\u0103 ori, din motive procedurale, de data aceasta POT, AUR, SOS \u015fi USR au str\u00e2ns 178 de semn\u0103turi.<\/p>\n<p>Cu toate acestea, partidele semnatare nu au voturile necesare pentru a trece o astfel de solicitare, \u00een plenul reunit, fiind necesare 233 de voturi, iar aceste partide av\u00e2nd doar 215 voturi \u00een cele dou\u0103 Camere.<\/p>\n<p><a href=\"https:\/\/www.realitatea.net\/stiri\/politica\/suspendarea-si-demiterea-lui-klaus-iohannis-cat-de-posibil-este-acest-scenariu-si-ce-implicatii-are_67a9de20f5b5542cca392163\" target=\"_blank\">Suspendarea \u0219i demiterea lui Klaus Iohannis: c\u00e2t de posibil este acest scenariu \u0219i ce implica\u021bii are<\/a><\/p>","protected":false},"excerpt":{"rendered":"<p>Parlamentarii se reunesc ca s\u0103 trimit\u0103 propunerea de suspendare a pre\u0219edintelui ilegitim la Curtea Constitu\u021bional\u0103.&hellip;<\/p>\n","protected":false},"author":0,"featured_media":30472,"comment_status":"open","ping_status":"open","sticky":false,"template":"","format":"standard","meta":{"footnotes":""},"categories":[3],"tags":[],"class_list":["post-30471","post","type-post","status-publish","format-standard","has-post-thumbnail","hentry","category-politica"],"_links":{"self":[{"href":"https:\/\/247stiri.ro\/index.php\/wp-json\/wp\/v2\/posts\/30471","targetHints":{"allow":["GET"]}}],"collection":[{"href":"https:\/\/247stiri.ro\/index.php\/wp-json\/wp\/v2\/posts"}],"about":[{"href":"https:\/\/247stiri.ro\/index.php\/wp-json\/wp\/v2\/types\/post"}],"replies":[{"embeddable":true,"href":"https:\/\/247stiri.ro\/index.php\/wp-json\/wp\/v2\/comments?post=30471"}],"version-history":[{"count":0,"href":"https:\/\/247stiri.ro\/index.php\/wp-json\/wp\/v2\/posts\/30471\/revisions"}],"wp:featuredmedia":[{"embeddable":true,"href":"https:\/\/247stiri.ro\/index.php\/wp-json\/wp\/v2\/media\/30472"}],"wp:attachment":[{"href":"https:\/\/247stiri.ro\/index.php\/wp-json\/wp\/v2\/media?parent=30471"}],"wp:term":[{"taxonomy":"category","embeddable":true,"href":"https:\/\/247stiri.ro\/index.php\/wp-json\/wp\/v2\/categories?post=30471"},{"taxonomy":"post_tag","embeddable":true,"href":"https:\/\/247stiri.ro\/index.php\/wp-json\/wp\/v2\/tags?post=30471"}],"curies":[{"name":"wp","href":"https:\/\/api.w.org\/{rel}","templated":true}]}}