{"id":30475,"date":"2025-02-10T11:44:50","date_gmt":"2025-02-10T11:44:50","guid":{"rendered":"https:\/\/247stiri.ro\/index.php\/2025\/02\/10\/suspendarea-si-demiterea-lui-klaus-iohannis-cat-de-posibil-este-acest-scenariu-si-ce-implicatii-are\/"},"modified":"2025-02-10T11:44:50","modified_gmt":"2025-02-10T11:44:50","slug":"suspendarea-si-demiterea-lui-klaus-iohannis-cat-de-posibil-este-acest-scenariu-si-ce-implicatii-are","status":"publish","type":"post","link":"https:\/\/247stiri.ro\/index.php\/2025\/02\/10\/suspendarea-si-demiterea-lui-klaus-iohannis-cat-de-posibil-este-acest-scenariu-si-ce-implicatii-are\/","title":{"rendered":"Suspendarea \u0219i demiterea lui Klaus Iohannis: c\u00e2t de posibil este acest scenariu \u0219i ce implica\u021bii are"},"content":{"rendered":"<p>Partidul Oamenilor Tineri (POT) a anun\u021bat, la 5 februarie, c\u0103 a redepus, pentru a treia oar\u0103, cererea \u0219i semn\u0103turile pentru suspendarea pre\u0219edintelui Klaus Iohannis, la Camera Deputa\u021bilor \u0219i la Senat. Cererea este semnat\u0103 acum de 178 de parlamentari de la POT, AUR, S.O.S. Rom\u00e2nia \u0219i USR.<\/p>\n<p>La 7 februarie, pre\u0219edintele Senatului, Ilie Bolojan, a declarat c\u0103 este posibil ca, \u00een aceast\u0103 s\u0103pt\u0103m\u00e2n\u0103, Birourile permanente ale celor dou\u0103 Camere ale Parlamentului s\u0103 se reuneasc\u0103 pentru solicitarea privind suspendarea din func\u021bie a pre\u0219edintelui Klaus Iohannis.<\/p>\n<p>Potrivit Constitu\u021biei Rom\u00e2niei, pre\u0219edintele Rom\u00e2niei r\u0103spunde pentru \u00eenc\u0103lcarea grav\u0103 a Constitu\u021biei (art. 95) \u0219i pentru fapte de \u00eenalt\u0103 tr\u0103dare (art. 96).<\/p>\n<p>\u00cen ceea ce prive\u0219te fapta de \u00eenc\u0103lcare grav\u0103 a Constitu\u021biei, pre\u0219edintele poate fi suspendat de parlament, \u00eentr-o prim\u0103 etap\u0103, \u0219i demis, prin referendum, \u00eentr-o a doua etap\u0103.<\/p>\n<p>\u00cen cazul s\u0103v\u00e2r\u0219irii unor fapte grave prin care \u00eencalc\u0103 prevederile Constitu\u021biei, Pre\u0219edintele Rom\u00e2niei poate fi suspendat din func\u021bie de Camera Deputa\u021bilor \u0219i de Senat, \u00een \u0219edin\u021b\u0103 comun\u0103, cu votul majorit\u0103\u021bii deputa\u021bilor \u0219i senatorilor, dup\u0103 consultarea Cur\u021bii Constitu\u021bionale. Pre\u0219edintele poate da parlamentului explica\u021bii cu privire la faptele ce i se imput\u0103 (art. 95 din Constitu\u021bie).<\/p>\n<p>Declan\u0219area procedurii de suspendare \u00een Parlament pentru \u00eenc\u0103lcarea grav\u0103 a Constitu\u021biei<\/p>\n<p>Propunerea de suspendare din func\u021bie poate fi ini\u021biat\u0103 de cel pu\u021bin o treime din num\u0103rul deputa\u021bilor \u0219i senatorilor \u0219i se aduce, ne\u00eent\u00e2rziat, la cuno\u0219tin\u021b\u0103 Pre\u0219edintelui.<\/p>\n<p>\u00cen Regulamentul activit\u0103\u021bilor comune ale Camerei Deputa\u021bilor \u0219i Senatului se arat\u0103 c\u0103 propunerea de suspendare din func\u021bie a Pre\u0219edintelui Rom\u00e2niei, \u00een cazul s\u0103v\u00e2r\u0219irii de c\u0103tre acesta a unor fapte grave prin care \u00eencalc\u0103 prevederile Constitu\u021biei, f\u0103cut\u0103 de cel pu\u021bin o treime din num\u0103rul deputa\u021bilor \u0219i senatorilor, se depune concomitent la birourile permanente ale Camerelor Parlamentului (art. 82).<\/p>\n<p>Birourile permanente comunic\u0103 ne\u00eent\u00e2rziat aceast\u0103 propunere Pre\u0219edintelui Rom\u00e2niei, preciz\u00e2ndu-se totodat\u0103 data \u0219i locul la care are loc \u0219edin\u021ba comun\u0103 a Camerelor.<\/p>\n<p>Pre\u0219edintele care conduce \u0219edin\u021ba comun\u0103, dup\u0103 prezentarea propunerii de suspendare din func\u021bie \u0219i ascultarea explica\u021biilor Pre\u0219edintelui Rom\u00e2niei, consult\u0103 deputa\u021bii \u0219i senatorii dac\u0103 datele existente sunt suficiente pentru a fi sesizat\u0103 Curtea Constitu\u021bional\u0103 sau dac\u0103 este necesar\u0103 constituirea unei comisii comune de anchet\u0103. Hot\u0103r\u00e2rea se ia cu majoritatea voturilor din num\u0103rul total al deputa\u021bilor \u0219i senatorilor. (art. 83 din Regulamentul activit\u0103\u021bilor comune ale Camerei Deputa\u021bilor \u0219i Senatului).<\/p>\n<p>\u00cen cazul \u00een care s-a apreciat c\u0103 datele pentru sesizarea Cur\u021bii sunt suficiente, propunerea de suspendare se trimite de \u00eendat\u0103 Cur\u021bii Constitu\u021bionale spre consultare, men\u021bion\u00e2ndu-se \u0219i termenul p\u00e2n\u0103 la care aceasta trebuie s\u0103 se pronun\u021be.<\/p>\n<p>Avizul consultativ al Cur\u021bii Constitu\u021bionale (CCR)<\/p>\n<p>Potrivit art. 42 \u0219i 43 din Legea nr. 47\/1992 privind organizarea \u0219i func\u021bionarea Cur\u021bii Constitu\u021bionale, CCR d\u0103 aviz consultativ pentru propunerea de suspendare din func\u021bie a Pre\u0219edintelui Rom\u00e2niei, \u00een urma dezbaterii propunerii de suspendare \u0219i a dovezilor prezentate.<\/p>\n<p>Curtea Constitu\u021bional\u0103 a definit no\u021biunea de &#8222;fapt\u0103 de \u00eenc\u0103lcare grav\u0103 a Constitu\u021biei&#8221; \u00een avizul s\u0103u privind suspendarea pre\u0219edintelui din 5 aprilie 2007 (Aviz consultativ nr. 1 din 5 aprilie 2007 privind propunerea de suspendare din func\u021bie a Pre\u0219edintelui Rom\u00e2niei, Traian B\u0103sescu). Curtea a apreciat astfel c\u0103 pot fi considerate &#8222;fapte grave de \u00eenc\u0103lcare a prevederilor Constitu\u021biei acele acte de decizie sau sustragerea de la \u00eendeplinirea unor acte de decizie obligatorii, prin care Pre\u0219edintele Rom\u00e2niei ar \u00eempiedica func\u021bionarea autorit\u0103\u021bilor publice, ar suprima sau ar restr\u00e2nge drepturile \u0219i libert\u0103\u021bile cet\u0103\u021benilor, ar tulbura ordinea constitu\u021bional\u0103 ori ar urm\u0103ri schimbarea ordinii constitu\u021bionale sau alte fapte de aceea\u0219i natur\u0103 care ar avea sau ar putea avea efecte similare&#8221;, conform https:\/\/www.ccr.ro\/.<\/p>\n<p>Avizul Cur\u021bii Constitu\u021bionale se comunic\u0103 pre\u0219edin\u021bilor celor dou\u0103 Camere \u0219i Pre\u0219edintelui Rom\u00e2niei.<\/p>\n<p>\u0218edin\u021b\u0103 comun\u0103 a Camerelor dup\u0103 avizul Cur\u021bii Constitu\u021bionale<\/p>\n<p>\u00cen termen de 24 de ore de la primirea avizului Cur\u021bii Constitu\u021bionale, Camerele Parlamentului se \u00eentrunesc \u00een \u0219edin\u021b\u0103 comun\u0103 pentru a hot\u0103r\u00ee asupra propunerii de suspendare din func\u021bie. (art. 83 din Regulamentul activit\u0103\u021bilor comune ale Camerei Deputa\u021bilor \u0219i Senatului)<\/p>\n<p>La dezbateri este invitat \u0219i Pre\u0219edintele Rom\u00e2niei, c\u0103ruia i se va da cuv\u00e2ntul, la cererea sa, oric\u00e2nd \u00een timpul dezbaterilor, pentru a da explica\u021bii asupra faptelor ce i se imput\u0103.<\/p>\n<p>Hot\u0103r\u00e2rea se adopt\u0103 cu votul majorit\u0103\u021bii deputa\u021bilor \u0219i senatorilor, votul fiind secret, cu bile.<\/p>\n<p>Hot\u0103r\u00e2rea adoptat\u0103 de parlament \u00een cadrul procedurii de suspendare din func\u021bie a Pre\u0219edintelui Rom\u00e2niei se comunic\u0103 acestuia, \u00een termen de 48 de ore. (art. 85 din Regulamentul activit\u0103\u021bilor comune ale Camerei Deputa\u021bilor \u0219i Senatului)<\/p>\n<p>Suspendarea pre\u0219edintelui &#8211; etapa referendumului<\/p>\n<p>Potrivit art. 95, alineat (1) din Constitu\u021bie, &#8222;dac\u0103 propunerea de suspendare din func\u021bie este aprobat\u0103, \u00een cel mult 30 de zile se organizeaz\u0103 un referendum pentru demiterea pre\u0219edintelui&#8221;.<\/p>\n<p>Dac\u0103 propunerea de suspendare din func\u021bie a fost aprobat\u0103, hot\u0103r\u00e2rea se trimite Guvernului \u00een vederea ini\u021bierii proiectului de lege privind organizarea \u0219i desf\u0103\u0219urarea referendumului pentru demiterea pre\u0219edintelui. (art. 85 din Regulamentul activit\u0103\u021bilor comune ale Camerei Deputa\u021bilor \u0219i Senatului)<\/p>\n<p>Conform Legii 3\/2000 privind organizarea \u0219i desf\u0103\u0219urarea referendumului, referendumul pentru demiterea Pre\u0219edintelui Rom\u00e2niei este obligatoriu \u0219i se stabile\u0219te prin hot\u0103r\u00e2re a Parlamentului, \u00een condi\u021biile prev\u0103zute de art. 95 din Constitu\u021bie. (art. 8 din Legea nr. 3\/2000)<\/p>\n<p>Cet\u0103\u021benii care particip\u0103 la referendum au dreptul s\u0103 se pronun\u021be prin &#8222;DA&#8221; sau &#8222;NU&#8221; la urm\u0103toarea \u00eentrebare \u00eenscris\u0103 pe buletinul de vot: &#8222;Sunte\u021bi de acord cu demiterea Pre\u0219edintelui Rom\u00e2niei?&#8221;. (art. 9 din Legea nr. 3\/2000)<\/p>\n<p>Demiterea Pre\u0219edintelui Rom\u00e2niei este aprobat\u0103, dac\u0103 a \u00eentrunit majoritatea voturilor cet\u0103\u021benilor \u00eenscri\u0219i \u00een listele electorale. (art. 10 din Legea nr. 3\/2000)<\/p>\n<p>Stabilirea valabilit\u0103\u021bii referendumului de c\u0103tre Curtea Constitu\u021bional\u0103<\/p>\n<p>Potrivit Legii nr. 3\/2000 privind organizarea \u0219i desf\u0103\u0219urarea referendumului, rezultatele referendumului de demitere, centralizate la nivel na\u021bional de c\u0103tre Biroul Electoral Central, se \u00eenainteaz\u0103 Cur\u021bii Constitu\u021bionale, \u00een termen de 24 de ore de la \u00eencheierea centraliz\u0103rii.<\/p>\n<p>Curtea Constitu\u021bional\u0103 vegheaz\u0103 la respectarea procedurii pentru organizarea \u0219i desf\u0103\u0219urarea referendumului \u0219i confirm\u0103 rezultatele acestuia. (art. 46 din Legea Cur\u021bii Constitu\u021bionale nr. 47\/1992).<\/p>\n<p>Pentru a se pronun\u021ba cu privire la rezultatul referendumului, Curtea poate cere informa\u021bii de la autorit\u0103\u021bile publice. De asemenea, Biroul Electoral Central este obligat s\u0103 prezinte, la solicitarea Cur\u021bii Constitu\u021bionale, inform\u0103ri asupra fazelor \u0219i opera\u021biunilor de desf\u0103\u0219urare a referendumului.<\/p>\n<p>Plenul Cur\u021bii Constitu\u021bionale decide cu o majoritate de dou\u0103 treimi asupra valabilit\u0103\u021bii referendumului, stabilind dac\u0103 a fost respectat\u0103 procedura pentru organizarea \u0219i desf\u0103\u0219urarea acestuia. (art. 47 din Legea Cur\u021bii Constitu\u021bionale nr. 47\/1992)<\/p>\n<p>\u00cenaintea public\u0103rii \u00een Monitorul Oficial a hot\u0103r\u00e2rii Cur\u021bii Constitu\u021bionale privind rezultatul referendumului, aceasta se prezint\u0103 Camerei Deputa\u021bilor \u0219i Senatului, \u00eentrunite \u00een \u0219edin\u021b\u0103 comun\u0103.<\/p>\n<p>Suspendarea pre\u0219edintelui pentru fapte de \u00eenalt\u0103 tr\u0103dare<\/p>\n<p>\u00cen ceea ce prive\u0219te faptele de \u00eenalt\u0103 tr\u0103dare pentru care pre\u0219edintele poate fi pus sub acuzare, art. 96, alin. (1) din Constitu\u021bie prevede c\u0103 Senatul \u0219i Camera Deputa\u021bilor, \u00een \u0219edin\u021b\u0103 comun\u0103, cu votul a cel pu\u021bin dou\u0103 treimi din num\u0103rul deputa\u021bilor \u0219i senatorilor, pot hot\u0103r\u00ee punerea sub acuzare a Pre\u0219edintelui Rom\u00e2niei pentru \u00eenalt\u0103 tr\u0103dare.<\/p>\n<p>Propunerea de punere sub acuzare poate fi ini\u021biat\u0103 de majoritatea deputa\u021bilor \u0219i senatorilor \u0219i se aduce, ne\u00eent\u00e2rziat, la cuno\u0219tin\u021b\u0103 Pre\u0219edintelui Rom\u00e2niei, pentru a putea da explica\u021bii cu privire la faptele ce i se imput\u0103.<\/p>\n<p>De la data punerii sub acuzare \u0219i p\u00e2n\u0103 la data demiterii, pre\u0219edintele este suspendat de drept. Competen\u021ba de judecat\u0103 apar\u021bine \u00cenaltei Cur\u021bi de Casa\u021bie \u0219i Justi\u021bie, iar pre\u0219edintele este demis de drept la data r\u0103m\u00e2nerii definitive a hot\u0103r\u00e2rii de condamnare (art. 96, alin. (3) \u0219i (4).\u00a0<\/p>\n<p>\u00a0<\/p>\n<p>\u00a0<\/p>","protected":false},"excerpt":{"rendered":"<p>Partidul Oamenilor Tineri (POT) a anun\u021bat, la 5 februarie, c\u0103 a redepus, pentru a treia&hellip;<\/p>\n","protected":false},"author":0,"featured_media":30476,"comment_status":"open","ping_status":"open","sticky":false,"template":"","format":"standard","meta":{"footnotes":""},"categories":[3],"tags":[],"class_list":["post-30475","post","type-post","status-publish","format-standard","has-post-thumbnail","hentry","category-politica"],"_links":{"self":[{"href":"https:\/\/247stiri.ro\/index.php\/wp-json\/wp\/v2\/posts\/30475","targetHints":{"allow":["GET"]}}],"collection":[{"href":"https:\/\/247stiri.ro\/index.php\/wp-json\/wp\/v2\/posts"}],"about":[{"href":"https:\/\/247stiri.ro\/index.php\/wp-json\/wp\/v2\/types\/post"}],"replies":[{"embeddable":true,"href":"https:\/\/247stiri.ro\/index.php\/wp-json\/wp\/v2\/comments?post=30475"}],"version-history":[{"count":0,"href":"https:\/\/247stiri.ro\/index.php\/wp-json\/wp\/v2\/posts\/30475\/revisions"}],"wp:featuredmedia":[{"embeddable":true,"href":"https:\/\/247stiri.ro\/index.php\/wp-json\/wp\/v2\/media\/30476"}],"wp:attachment":[{"href":"https:\/\/247stiri.ro\/index.php\/wp-json\/wp\/v2\/media?parent=30475"}],"wp:term":[{"taxonomy":"category","embeddable":true,"href":"https:\/\/247stiri.ro\/index.php\/wp-json\/wp\/v2\/categories?post=30475"},{"taxonomy":"post_tag","embeddable":true,"href":"https:\/\/247stiri.ro\/index.php\/wp-json\/wp\/v2\/tags?post=30475"}],"curies":[{"name":"wp","href":"https:\/\/api.w.org\/{rel}","templated":true}]}}