{"id":30497,"date":"2025-02-10T12:45:35","date_gmt":"2025-02-10T12:45:35","guid":{"rendered":"https:\/\/247stiri.ro\/index.php\/2025\/02\/10\/cine-asigura-interimatul-dupa-demisia-lui-klaus-iohannis\/"},"modified":"2025-02-10T12:45:35","modified_gmt":"2025-02-10T12:45:35","slug":"cine-asigura-interimatul-dupa-demisia-lui-klaus-iohannis","status":"publish","type":"post","link":"https:\/\/247stiri.ro\/index.php\/2025\/02\/10\/cine-asigura-interimatul-dupa-demisia-lui-klaus-iohannis\/","title":{"rendered":"Cine asigur\u0103 interimatul dup\u0103 demisia lui Klaus Iohannis"},"content":{"rendered":"<p>Potrivit articolului 98 din Constitu\u0163ie, \u201ddac\u0103 func\u0163ia de Pre\u015fedinte devine vacant\u0103 ori dac\u0103 Pre\u015fedintele este suspendat din func\u0163ie sau dac\u0103 se afl\u0103 \u00een imposibilitate temporar\u0103 de a-\u015fi exercita atribu\u0163iile, interimatul se asigur\u0103, \u00een ordine, de pre\u015fedintele Senatului sau de pre\u015fedintele Camerei Deputa\u0163ilor\u201d.<\/p>\n<p>Exist\u0103 \u00eens\u0103 atribu\u0163ii care nu pot fi exercitate pe durata interimatului func\u0163iei preziden\u0163iale.<\/p>\n<p>Pre\u015fedintele interimar nu poate adresa Parlamentului mesaje cu privire la principalele probleme politice ale na\u0163iunii.<\/p>\n<p>De asemenea, pre\u015fedintele interimar nu poate dizolva Parlamentul, nu poate convoca referendum.\u00a0<\/p>\n<p>\u00cen rest, pre\u015fedintele interimar poate exercita atribu\u0163iile \u00een domeniul politicii externe, al ap\u0103r\u0103rii, \u00een ceea ce prive\u015fte instituirea de m\u0103suri excep\u0163ionale, poate conferi decora\u0163ii \u015fi poate acorda gra\u0163ieri individuale.\u00a0<\/p>\n<p><a href=\"https:\/\/www.realitatea.net\/stiri\/politica\/klaus-iohannis-declaratii-bomba-in-scurt-timp-isi-anunta-demisia-live-text-si-video_67a9e76d6a621d52ed2e8e82\" target=\"_blank\">Klaus Iohannis: DEMISIONEZ din func\u021bia de pre\u0219edinte al Rom\u00e2niei. Ce rost are suspendarea? Vom fi de r\u00e2sul lumii. Dumnezeu s\u0103 binecuv\u00e2nteze Rom\u00e2nia!\u00a0<\/a><\/p>","protected":false},"excerpt":{"rendered":"<p>Potrivit articolului 98 din Constitu\u0163ie, \u201ddac\u0103 func\u0163ia de Pre\u015fedinte devine vacant\u0103 ori dac\u0103 Pre\u015fedintele este&hellip;<\/p>\n","protected":false},"author":0,"featured_media":30498,"comment_status":"open","ping_status":"open","sticky":false,"template":"","format":"standard","meta":{"footnotes":""},"categories":[3],"tags":[],"class_list":["post-30497","post","type-post","status-publish","format-standard","has-post-thumbnail","hentry","category-politica"],"_links":{"self":[{"href":"https:\/\/247stiri.ro\/index.php\/wp-json\/wp\/v2\/posts\/30497","targetHints":{"allow":["GET"]}}],"collection":[{"href":"https:\/\/247stiri.ro\/index.php\/wp-json\/wp\/v2\/posts"}],"about":[{"href":"https:\/\/247stiri.ro\/index.php\/wp-json\/wp\/v2\/types\/post"}],"replies":[{"embeddable":true,"href":"https:\/\/247stiri.ro\/index.php\/wp-json\/wp\/v2\/comments?post=30497"}],"version-history":[{"count":0,"href":"https:\/\/247stiri.ro\/index.php\/wp-json\/wp\/v2\/posts\/30497\/revisions"}],"wp:featuredmedia":[{"embeddable":true,"href":"https:\/\/247stiri.ro\/index.php\/wp-json\/wp\/v2\/media\/30498"}],"wp:attachment":[{"href":"https:\/\/247stiri.ro\/index.php\/wp-json\/wp\/v2\/media?parent=30497"}],"wp:term":[{"taxonomy":"category","embeddable":true,"href":"https:\/\/247stiri.ro\/index.php\/wp-json\/wp\/v2\/categories?post=30497"},{"taxonomy":"post_tag","embeddable":true,"href":"https:\/\/247stiri.ro\/index.php\/wp-json\/wp\/v2\/tags?post=30497"}],"curies":[{"name":"wp","href":"https:\/\/api.w.org\/{rel}","templated":true}]}}