{"id":30505,"date":"2025-02-10T12:45:38","date_gmt":"2025-02-10T12:45:38","guid":{"rendered":"https:\/\/247stiri.ro\/index.php\/2025\/02\/10\/klaus-iohannis-demisionez-din-functia-de-presedinte-al-romaniei-ce-rost-are-suspendarea-vom-fi-de-rasul-lumii-dumnezeu-sa-binecuvanteze-romania-live-text-si-video\/"},"modified":"2025-02-10T12:45:38","modified_gmt":"2025-02-10T12:45:38","slug":"klaus-iohannis-demisionez-din-functia-de-presedinte-al-romaniei-ce-rost-are-suspendarea-vom-fi-de-rasul-lumii-dumnezeu-sa-binecuvanteze-romania-live-text-si-video","status":"publish","type":"post","link":"https:\/\/247stiri.ro\/index.php\/2025\/02\/10\/klaus-iohannis-demisionez-din-functia-de-presedinte-al-romaniei-ce-rost-are-suspendarea-vom-fi-de-rasul-lumii-dumnezeu-sa-binecuvanteze-romania-live-text-si-video\/","title":{"rendered":"Klaus Iohannis: DEMISIONEZ din func\u021bia de pre\u0219edinte al Rom\u00e2niei. Ce rost are suspendarea? Vom fi de r\u00e2sul lumii. Dumnezeu s\u0103 binecuv\u00e2nteze Rom\u00e2nia! LIVE TEXT \u0219i VIDEO"},"content":{"rendered":"<p>Pre\u0219edintele Rom\u00e2niei, Klaus Iohannis, a demisionat! Anun\u021bul a fost f\u0103cut \u00eentr-o declara\u021bie de pres\u0103 la Palatul Cotroceni.<\/p>\n\n<p>Realitatea.net a transmis LIVE TEXT \u0219i LIVE VIDEO principalele declara\u021bii:<\/p>\n<p>Ast\u0103zi, \u00een Parlamentul Rom\u00e2niei, s-a pus \u00een mi\u0219care procedura de suspendare a Pre\u0219edintelui. Este un demers inutil pentru c\u0103, oricum, peste pu\u021bine luni a\u0219 fi plecat din func\u021bie dup\u0103 alegerea noului Pre\u0219edinte.\u00a0<\/p>\n<p>Este un demers nefondat, pentru c\u0103 niciodat\u0103, repet, niciodat\u0103, n-am \u00eenc\u0103lcat Constitu\u021bia. \u0218i este un demers p\u0103gubos, pentru c\u0103 de aici toat\u0103 lumea pierde, nimeni nu c\u00e2\u0219tig\u0103.\u00a0<\/p>\n<p>Peste pu\u021bine zile, \u00een Parlamentul Rom\u00e2niei s-ar fi votat suspendarea mea \u0219i Rom\u00e2nia va intra \u00een criz\u0103 pentru c\u0103 se declan\u0219eaz\u0103 referendumul de demitere a Pre\u0219edintelui. Acest \u00eentreg demers va avea efecte \u00een plan intern \u0219i va avea efecte, din p\u0103cate, \u0219i \u00een plan extern.<\/p>\n<p>\u00cen plan intern, referendumul va fi unul eminamente negativ. Societatea va fi divizat\u0103, unii vor fi de acord, al\u021bii nu vor fi de acord. Toat\u0103 discu\u021bia va fi una axat\u0103 doar pe negativ. \u00centreaga societate va fi bulversat\u0103. Nu se va mai discuta despre alegerile preziden\u021biale care vor veni. Nu se va discuta despre cum va merge Rom\u00e2nia mai departe. Candida\u021bii nici m\u0103car nu vor putea s\u0103-\u0219i prezinte ideile \u00een acest amalgam negativ.<\/p>\n<p>\u00cen plan extern, efectele vor fi de durat\u0103 \u0219i foarte negative. Nu va \u00een\u021belege absolut nimeni dintre partenerii no\u0219tri de ce Rom\u00e2nia \u00ee\u0219i demite Pre\u0219edintele dup\u0103 ce, de fapt, a \u00eenceput deja procedura pentru alegerea noului Pre\u0219edinte. Nu va \u00een\u021belege absolut nimeni ce rost are un astfel de demers c\u00e2nd Pre\u0219edintele \u00een func\u021bie va pleca oricum. Mai pe rom\u00e2ne\u0219te, vom fi efectiv de r\u00e2sul lumii.<\/p>\n<p>Pentru a scuti Rom\u00e2nia \u0219i pe cet\u0103\u021benii rom\u00e2ni de aceast\u0103 criz\u0103, de aceast\u0103 evolu\u021bie inutil\u0103 \u0219i negativ\u0103, demisionez din func\u021bia de Pre\u0219edinte al Rom\u00e2niei. Voi pleca din func\u021bie poim\u00e2ine, pe 12 februarie. Dumnezeu s\u0103 binecuv\u00e2nteze Rom\u00e2nia!<\/p>","protected":false},"excerpt":{"rendered":"<p>Pre\u0219edintele Rom\u00e2niei, Klaus Iohannis, a demisionat! Anun\u021bul a fost f\u0103cut \u00eentr-o declara\u021bie de pres\u0103 la&hellip;<\/p>\n","protected":false},"author":0,"featured_media":30506,"comment_status":"open","ping_status":"open","sticky":false,"template":"","format":"standard","meta":{"footnotes":""},"categories":[3],"tags":[],"class_list":["post-30505","post","type-post","status-publish","format-standard","has-post-thumbnail","hentry","category-politica"],"_links":{"self":[{"href":"https:\/\/247stiri.ro\/index.php\/wp-json\/wp\/v2\/posts\/30505","targetHints":{"allow":["GET"]}}],"collection":[{"href":"https:\/\/247stiri.ro\/index.php\/wp-json\/wp\/v2\/posts"}],"about":[{"href":"https:\/\/247stiri.ro\/index.php\/wp-json\/wp\/v2\/types\/post"}],"replies":[{"embeddable":true,"href":"https:\/\/247stiri.ro\/index.php\/wp-json\/wp\/v2\/comments?post=30505"}],"version-history":[{"count":0,"href":"https:\/\/247stiri.ro\/index.php\/wp-json\/wp\/v2\/posts\/30505\/revisions"}],"wp:featuredmedia":[{"embeddable":true,"href":"https:\/\/247stiri.ro\/index.php\/wp-json\/wp\/v2\/media\/30506"}],"wp:attachment":[{"href":"https:\/\/247stiri.ro\/index.php\/wp-json\/wp\/v2\/media?parent=30505"}],"wp:term":[{"taxonomy":"category","embeddable":true,"href":"https:\/\/247stiri.ro\/index.php\/wp-json\/wp\/v2\/categories?post=30505"},{"taxonomy":"post_tag","embeddable":true,"href":"https:\/\/247stiri.ro\/index.php\/wp-json\/wp\/v2\/tags?post=30505"}],"curies":[{"name":"wp","href":"https:\/\/api.w.org\/{rel}","templated":true}]}}