{"id":30507,"date":"2025-02-10T12:45:39","date_gmt":"2025-02-10T12:45:39","guid":{"rendered":"https:\/\/247stiri.ro\/index.php\/2025\/02\/10\/protestul-sustinatorilor-lui-calin-georgescu-infiltrat-cu-suporterii-din-galeriile-de-fotbal-cum-incerca-statul-paralel-sa-destabilizeze-un-protest-pasnic-video\/"},"modified":"2025-02-10T12:45:39","modified_gmt":"2025-02-10T12:45:39","slug":"protestul-sustinatorilor-lui-calin-georgescu-infiltrat-cu-suporterii-din-galeriile-de-fotbal-cum-incerca-statul-paralel-sa-destabilizeze-un-protest-pasnic-video","status":"publish","type":"post","link":"https:\/\/247stiri.ro\/index.php\/2025\/02\/10\/protestul-sustinatorilor-lui-calin-georgescu-infiltrat-cu-suporterii-din-galeriile-de-fotbal-cum-incerca-statul-paralel-sa-destabilizeze-un-protest-pasnic-video\/","title":{"rendered":"Protestul sus\u021bin\u0103torilor lui C\u0103lin Georgescu, infiltrat cu suporterii din galeriile de fotbal. Cum \u00eencerc\u0103 statul paralel s\u0103 destabilizeze un protest pa\u0219nic VIDEO"},"content":{"rendered":"<p>Grupuri de indivizi au d\u0103r\u00e2mat gardurile montate de jandarmerie \u0219i s-au infiltrat printre protestatarii pa\u0219nici.\u00a0<\/p>\n<p>&lt;<\/p>\n<p>Exist\u0103 posibilitatea ca cineva s\u0103 se fi inflitrat \u0219i s\u0103 rup\u0103 gardurile jandarmilor \u0219i s\u0103 instige oamenii. Rom\u00e2nii din pia\u021b\u0103 transmit un singur mesaj: \u201eTurul 2 inapoi, la b\u0103t\u0103lia \u00eentre C\u0103lin Georgescu \u0219i Elena Lasconi. Cineva a venit aici \u0219i au fost date fumigene, ca cele de pe stadion, probabil persoane din galerii, pentru c\u0103 \u0219tim c\u0103 nu e prima oar\u0103 c\u00e2nd se face a\u0219a ceva. Oamenii spun c\u0103 nu se mai poate tr\u0103i \u00eentr-o \u021bar\u0103 \u00een care drepturile nu sunt respectate, iar odat\u0103 cu ordonan\u021ba s\u0103r\u0103ciei la \u00eengreuneaz\u0103 via\u021ba. Sunt oameni care au venit special din \u021bar\u0103 ca s\u0103 transmit\u0103 un mesaj guvernan\u021bilor \u00een Pia\u021ba Victoriei.<\/p>\n<p>\u00a0<\/p>\n<p>Ce spune Jandarmeria<\/p>\n<p>\u00cen urm\u0103 cu pu\u021bin timp, manifestan\u021bii au for\u021bat dispozitivul de panouri metalice, au exercitat presiuni asupra for\u021belor de ordine \u0219i au blocat carosabilul din fa\u021ba Palatului Victoria.<\/p>\n<p>\u00cen acest moment, jandarmii, prin echipele de dialog \u0219i dispozitive specifice de ordine public\u0103 \u00eendrum\u0103 participan\u021bii c\u0103tre centrul Pie\u021bei Victoriei, pentru siguran\u021ba lor, a traficului rutier \u0219i a celorla\u021bi cet\u0103\u021beni.\u00a0<\/p>\n<p>Subliniem faptul c\u0103 aceast\u0103 manifesta\u021bie nu a respectat prevederile cadrului legal \u00een vigoare privind declararea \u0219i organizarea adun\u0103rilor publice.<\/p>","protected":false},"excerpt":{"rendered":"<p>Grupuri de indivizi au d\u0103r\u00e2mat gardurile montate de jandarmerie \u0219i s-au infiltrat printre protestatarii pa\u0219nici.\u00a0&hellip;<\/p>\n","protected":false},"author":0,"featured_media":30496,"comment_status":"open","ping_status":"open","sticky":false,"template":"","format":"standard","meta":{"footnotes":""},"categories":[2],"tags":[],"class_list":["post-30507","post","type-post","status-publish","format-standard","has-post-thumbnail","hentry","category-actual"],"_links":{"self":[{"href":"https:\/\/247stiri.ro\/index.php\/wp-json\/wp\/v2\/posts\/30507","targetHints":{"allow":["GET"]}}],"collection":[{"href":"https:\/\/247stiri.ro\/index.php\/wp-json\/wp\/v2\/posts"}],"about":[{"href":"https:\/\/247stiri.ro\/index.php\/wp-json\/wp\/v2\/types\/post"}],"replies":[{"embeddable":true,"href":"https:\/\/247stiri.ro\/index.php\/wp-json\/wp\/v2\/comments?post=30507"}],"version-history":[{"count":0,"href":"https:\/\/247stiri.ro\/index.php\/wp-json\/wp\/v2\/posts\/30507\/revisions"}],"wp:featuredmedia":[{"embeddable":true,"href":"https:\/\/247stiri.ro\/index.php\/wp-json\/wp\/v2\/media\/30496"}],"wp:attachment":[{"href":"https:\/\/247stiri.ro\/index.php\/wp-json\/wp\/v2\/media?parent=30507"}],"wp:term":[{"taxonomy":"category","embeddable":true,"href":"https:\/\/247stiri.ro\/index.php\/wp-json\/wp\/v2\/categories?post=30507"},{"taxonomy":"post_tag","embeddable":true,"href":"https:\/\/247stiri.ro\/index.php\/wp-json\/wp\/v2\/tags?post=30507"}],"curies":[{"name":"wp","href":"https:\/\/api.w.org\/{rel}","templated":true}]}}