{"id":30510,"date":"2025-02-10T12:45:39","date_gmt":"2025-02-10T12:45:39","guid":{"rendered":"https:\/\/247stiri.ro\/index.php\/2025\/02\/10\/ministrul-agriculturii-explica-de-ce-nu-sunt-mai-multe-produse-romanesti-pe-rafturile-magazinelor\/"},"modified":"2025-02-10T12:45:39","modified_gmt":"2025-02-10T12:45:39","slug":"ministrul-agriculturii-explica-de-ce-nu-sunt-mai-multe-produse-romanesti-pe-rafturile-magazinelor","status":"publish","type":"post","link":"https:\/\/247stiri.ro\/index.php\/2025\/02\/10\/ministrul-agriculturii-explica-de-ce-nu-sunt-mai-multe-produse-romanesti-pe-rafturile-magazinelor\/","title":{"rendered":"Ministrul Agriculturii explic\u0103 de ce nu sunt mai multe produse rom\u00e2ne\u0219ti pe rafturile magazinelor"},"content":{"rendered":"<p>&#8216;\u00cen momentul de fa\u021b\u0103, este o problem\u0103 de a integra produc\u0103torii rom\u00e2ni \u00een magazinele de retail din Rom\u00e2nia. Dac\u0103 discut\u0103m de industria mare de procesare, foarte mul\u021bi produc\u0103tori sunt \u00een magazinele de retail. Dac\u0103 vorbim de produc\u0103tori locali &#8211; \u0219i trebuie s\u0103 \u00eei integr\u0103m \u00een magazinele de retail -, aici trebuie s\u0103 discut\u0103m de cantit\u0103\u021bi. De aceea, noi, Ministerul Agriculturii, \u00eentotdeauna am \u00eencurajat cooperarea, realizarea de cooperative, realizarea de mai multe produse \u00een acea cooperativ\u0103, pentru a putea merge \u00een fa\u021ba retailului \u0219i a negocia ca aceste produse rom\u00e2ne\u0219ti realizate prin cooperative s\u0103 ajung\u0103 \u00een magazinele de retail&#8217;, a afirmat ministrul.\u00cen ceea ce prive\u0219te industria mare, \u0219eful de la Agricultur\u0103 a subliniat c\u0103 \u00een continuare exist\u0103 programe pe partea de procesare, fiind aloca\u021bi 1,7 miliarde de euro \u00een urm\u0103torii trei ani.&#8217;Dac\u0103 vorbim de industria mare, v\u0103 spun c\u0103 \u00een continuare MADR a avut programe \u0219i are pe procesare &#8211; vorbim de 1,7 miliarde de euro \u00een urm\u0103torii 3 ani, vorbim de Investalim, dar \u0219i foarte mul\u021bi bani pe programul na\u021bional strategic. Rom\u00e2nia (&#8230;) pe partea de export de porumb \u0219i gr\u00e2u de\u021bine locul I. De ce de\u021bine Rom\u00e2nia locul I la exportul de porumb? Pentru c\u0103 sistemul de iriga\u021bii \u00een Rom\u00e2nia a evoluat foarte mult. S\u0103 plec\u0103m din 2013 &#8211; 2014 de la 180.000 ha \u0219i \u00een momentul de fa\u021b\u0103 s\u0103 irig\u0103m 1,4 milioane de ha face ca Rom\u00e2nia \u00een continuare s\u0103 fie pe primul loc la exportul de gr\u00e2u \u0219i porumb \u00een UE&#8217;, a ar\u0103tat el.\u00centrebat dac\u0103 lista de produse cu pre\u021buri plafonate s-ar putea extinde, Florin Barbu a men\u021bionat c\u0103 Directiva 633 privind practicile comerciale neloiale va fi modificat\u0103 \u00een maximum dou\u0103 luni la nivelul Comisiei Europene \u0219i va prevedea, printre altele, aplicarea aceluia\u0219i adaos comercial pe toate produsele agroalimentare, indiferent de provenien\u021b\u0103.&#8217;\u0218ti\u021bi c\u0103 am avut un proiect de lege. Pe de o parte, plafonarea adaosului comercial la toate categoriile de produse agroalimentare \u00een Rom\u00e2nia. Doi, am avut modificare legislativ\u0103 \u00een aceea\u0219i ordonan\u021b\u0103, prin care se face limitarea la raft, astfel \u00eenc\u00e2t s\u0103 nu mai existe dec\u00e2t maximum patru fe\u021be pe produc\u0103tor la raft, s\u0103 nu mai vedem produse care sunt doar ambalate, tran\u0219ate \u00een Rom\u00e2nia \u0219i s\u0103 de\u021bin\u0103 peste 70% din raftul din retail. Sigur, toate aceste modific\u0103ri sunt \u00een discu\u021bii cu partenerii pe care i-am integrat \u00een Comitetul de monitorizare &#8211; MADR, Consiliul Concuren\u021bei, magazinele de retail, ANAF &#8211; dar, mai mult de at\u00e2t, sunt sigur c\u0103 \u00een urm\u0103torul Consiliu de Mini\u0219tri modificarea Directivei 633 privind practicile comerciale neloiale va cuprinde toate aceste lucruri, pentru c\u0103 Rom\u00e2nia este singurul stat din UE care a luat aceste m\u0103suri \u0219i se pare c\u0103 modificarea Directivei 633 se face pe modelul Rom\u00e2niei, astfel \u00eenc\u00e2t s\u0103 fie acela\u0219i adaos comercial practicat, s\u0103 nu mai existe practic\u0103 comercial\u0103 neloial\u0103 pe aceea\u0219i categorie de produs. C\u0103 se proceseaz\u0103 \u00een \u021bara \u00een care se comercializeaz\u0103, c\u0103 acele produse vin din import trebuie s\u0103 aib\u0103 acela\u0219i adaos comercial. Doi, am avut discu\u021bii cu comisarul \u0219i am propus ca \u00een magazinele de retail din Rom\u00e2nia, prin Directiva 633, s\u0103 fie interzis\u0103 refacturarea, astfel \u00eenc\u00e2t s\u0103 elimin\u0103m acel mit prin care se spune c\u0103 produc\u0103torii v\u00e2nd sub pre\u021bul de achizi\u021bie. Nu. \u00cen momentul de fa\u021b\u0103, v\u00e2nzarea nu se face sub pre\u021bul de achizi\u021bie. Dar, ulterior, sunt anumite contracte prin care se face refacturare. Vorbim aici de eliminarea acelor practici de risturn\u0103 \u0219i remiz\u0103. Rabatul l-am eliminat&#8217;, a afirmat Barbu.Acesta a subliniat c\u0103, \u00een continuare, pledeaz\u0103 \u0219i \u00een Consiliul de Mini\u0219tri pentru modificarea acestor trei aspecte: partea de fe\u021be la raft, interzicerea refactur\u0103rii \u0219i adaosul comercial pe toate produsele agroalimentare, c\u0103 vin din import, c\u0103 vin din \u021bara \u00een care sunt produse.&#8217;Sunt sigur c\u0103 se va modifica aceast\u0103 directiv\u0103. Mai mult de at\u00e2t, pe ordonan\u021bele pe care noi le-am dat pe plafonarea adaosului comercial, \u00eencadr\u00e2ndu-le corect juridic \u00een Directiva 633, Rom\u00e2nia nu a avut infringement din partea UE. De aceea, putem face mult mai mult legislativ, mult mai multe modific\u0103ri legislative, astfel \u00eenc\u00e2t s\u0103 elimin\u0103m total aceste practici comerciale neloiale \u00een Rom\u00e2nia. Eu zic c\u0103 \u00een maximum dou\u0103 luni de zile Directiva 633 va fi modificat\u0103 la nivelul Comisiei Europene&#8217;, a sus\u021binut \u0219eful de la Agricultur\u0103.Ministrul Agriculturii, Florin Barbu, a participat, luni, la conferin\u021ba de pres\u0103 organizat\u0103 de Alian\u021ba pentru Agricultur\u0103 \u0219i Cooperare, cu ocazia \u00eemplinirii a 5 ani de activitate.\u00a0<\/p>","protected":false},"excerpt":{"rendered":"<p>&#8216;\u00cen momentul de fa\u021b\u0103, este o problem\u0103 de a integra produc\u0103torii rom\u00e2ni \u00een magazinele de&hellip;<\/p>\n","protected":false},"author":0,"featured_media":30511,"comment_status":"open","ping_status":"open","sticky":false,"template":"","format":"standard","meta":{"footnotes":""},"categories":[2],"tags":[],"class_list":["post-30510","post","type-post","status-publish","format-standard","has-post-thumbnail","hentry","category-actual"],"_links":{"self":[{"href":"https:\/\/247stiri.ro\/index.php\/wp-json\/wp\/v2\/posts\/30510","targetHints":{"allow":["GET"]}}],"collection":[{"href":"https:\/\/247stiri.ro\/index.php\/wp-json\/wp\/v2\/posts"}],"about":[{"href":"https:\/\/247stiri.ro\/index.php\/wp-json\/wp\/v2\/types\/post"}],"replies":[{"embeddable":true,"href":"https:\/\/247stiri.ro\/index.php\/wp-json\/wp\/v2\/comments?post=30510"}],"version-history":[{"count":0,"href":"https:\/\/247stiri.ro\/index.php\/wp-json\/wp\/v2\/posts\/30510\/revisions"}],"wp:featuredmedia":[{"embeddable":true,"href":"https:\/\/247stiri.ro\/index.php\/wp-json\/wp\/v2\/media\/30511"}],"wp:attachment":[{"href":"https:\/\/247stiri.ro\/index.php\/wp-json\/wp\/v2\/media?parent=30510"}],"wp:term":[{"taxonomy":"category","embeddable":true,"href":"https:\/\/247stiri.ro\/index.php\/wp-json\/wp\/v2\/categories?post=30510"},{"taxonomy":"post_tag","embeddable":true,"href":"https:\/\/247stiri.ro\/index.php\/wp-json\/wp\/v2\/tags?post=30510"}],"curies":[{"name":"wp","href":"https:\/\/api.w.org\/{rel}","templated":true}]}}