{"id":30512,"date":"2025-02-10T12:45:40","date_gmt":"2025-02-10T12:45:40","guid":{"rendered":"https:\/\/247stiri.ro\/index.php\/2025\/02\/10\/anca-alexandrescu-despre-demisia-lui-klaus-iohannis-ar-insemna-ca-recunoaste-aceasta-incalcare-a-legii\/"},"modified":"2025-02-10T12:45:40","modified_gmt":"2025-02-10T12:45:40","slug":"anca-alexandrescu-despre-demisia-lui-klaus-iohannis-ar-insemna-ca-recunoaste-aceasta-incalcare-a-legii","status":"publish","type":"post","link":"https:\/\/247stiri.ro\/index.php\/2025\/02\/10\/anca-alexandrescu-despre-demisia-lui-klaus-iohannis-ar-insemna-ca-recunoaste-aceasta-incalcare-a-legii\/","title":{"rendered":"Anca Alexandrescu, despre demisia lui Klaus Iohannis: \u201dAr \u00eensemna ca recunoa\u0219te aceast\u0103 \u00eenc\u0103lcare a legii\u201d"},"content":{"rendered":"<p>Realizatoarea emisiunii Culisele Statului Paralel a subliniat c\u0103 nu este de mirare faptul c\u0103 se vorbe\u0219te tot mai mult despre demisia lui Klaus Iohannis din func\u021bia de pre\u0219edinte al Rom\u00e2niei pe care o ocup\u0103 abuziv de s\u0103pt\u0103m\u00e2ni \u00eentregi.\u00a0<\/p>\n<p>\u201dAvand \u00een vedere amploarea agita\u021biei din Rom\u00e2nia, raportul Comisiei de la Vene\u021bia \u0219i toate comentariile care au venit din SUA \u0219i din partea altor personaje politice din Europa este normal s\u0103 fie luat\u0103 \u00een calcul varianta ca Iohannis s\u0103 \u00ee\u0219i dea demisia.<\/p>\n<p>M-a\u0219 bucura foarte tare s\u0103 se \u00eentample acest lucru pentru c\u0103 asta ar \u00eensemna c\u0103 recunoa\u0219te aceast\u0103 \u00eencalcare a legii. (&#8230;) Recunoa\u0219te c\u0103 tot ce s-a spus din decembrie p\u00e2n\u0103 acum este real \u0219i c\u0103 singura solu\u021bie este reluarea turului doi\u201d, a declarat Anca Alexandrescu, la Realitatea PLUS.\u00a0<\/p>\n<p>Prezentatoarea TV a dezv\u0103luit c\u0103 este o presiune foarte mare pe premierul Marcel Ciolacu \u0219i c\u0103 se cere inclusiv retragerea PSD din coali\u021bia de guvernare.\u00a0<\/p>\n<p>\u201dEste o presiune mare pe Marcel Ciolacu \u0219i se cere retragerea PSD din coali\u021bie. Este agita\u021bie \u0219i acolo \u00een partid, unde este o stare de incertitudine. Se vorbe\u0219te \u0219i de dorin\u021ba lui Bolojan de a candida la pre\u0219edin\u021bie dac\u0103 se retrage Iohannis.<\/p>\n<p>\u00centrebat\u0103 dac\u0103 a jucat Klaus Iohannis la dou\u0103 capete, Anca Alexandrescu a r\u0103spuns: \u201dNu cred c\u0103 a jucat la doua capete, ci cred c\u0103 lui Iohannis i s-a \u00eentamplat ceea ce li s-a \u00eentamplat tuturor pre\u0219edintilor, a fost p\u0103r\u0103sit de Parlament\u201d.<\/p>","protected":false},"excerpt":{"rendered":"<p>Realizatoarea emisiunii Culisele Statului Paralel a subliniat c\u0103 nu este de mirare faptul c\u0103 se&hellip;<\/p>\n","protected":false},"author":0,"featured_media":30502,"comment_status":"open","ping_status":"open","sticky":false,"template":"","format":"standard","meta":{"footnotes":""},"categories":[2],"tags":[],"class_list":["post-30512","post","type-post","status-publish","format-standard","has-post-thumbnail","hentry","category-actual"],"_links":{"self":[{"href":"https:\/\/247stiri.ro\/index.php\/wp-json\/wp\/v2\/posts\/30512","targetHints":{"allow":["GET"]}}],"collection":[{"href":"https:\/\/247stiri.ro\/index.php\/wp-json\/wp\/v2\/posts"}],"about":[{"href":"https:\/\/247stiri.ro\/index.php\/wp-json\/wp\/v2\/types\/post"}],"replies":[{"embeddable":true,"href":"https:\/\/247stiri.ro\/index.php\/wp-json\/wp\/v2\/comments?post=30512"}],"version-history":[{"count":0,"href":"https:\/\/247stiri.ro\/index.php\/wp-json\/wp\/v2\/posts\/30512\/revisions"}],"wp:featuredmedia":[{"embeddable":true,"href":"https:\/\/247stiri.ro\/index.php\/wp-json\/wp\/v2\/media\/30502"}],"wp:attachment":[{"href":"https:\/\/247stiri.ro\/index.php\/wp-json\/wp\/v2\/media?parent=30512"}],"wp:term":[{"taxonomy":"category","embeddable":true,"href":"https:\/\/247stiri.ro\/index.php\/wp-json\/wp\/v2\/categories?post=30512"},{"taxonomy":"post_tag","embeddable":true,"href":"https:\/\/247stiri.ro\/index.php\/wp-json\/wp\/v2\/tags?post=30512"}],"curies":[{"name":"wp","href":"https:\/\/api.w.org\/{rel}","templated":true}]}}