{"id":30516,"date":"2025-02-10T12:45:41","date_gmt":"2025-02-10T12:45:41","guid":{"rendered":"https:\/\/247stiri.ro\/index.php\/2025\/02\/10\/daniel-baluta-il-acuza-pe-nicusor-dan-ca-blocheaza-lucrarile-de-la-pasajul-unirii\/"},"modified":"2025-02-10T12:45:41","modified_gmt":"2025-02-10T12:45:41","slug":"daniel-baluta-il-acuza-pe-nicusor-dan-ca-blocheaza-lucrarile-de-la-pasajul-unirii","status":"publish","type":"post","link":"https:\/\/247stiri.ro\/index.php\/2025\/02\/10\/daniel-baluta-il-acuza-pe-nicusor-dan-ca-blocheaza-lucrarile-de-la-pasajul-unirii\/","title":{"rendered":"Daniel B\u0103lu\u021b\u0103 \u00eel acuz\u0103 pe Nicu\u0219or Dan c\u0103 blocheaz\u0103 lucr\u0103rile de la Pasajul Unirii"},"content":{"rendered":"<p>Avem toate autoriza\u021biile necesare, iar Guvernul a alocat aproape\u00a0800 de milioane de lei, f\u0103r\u0103 TVA, pentru acest proiect (..). Guvernul a \u00eenteles \u00eenc\u0103 de la acea vreme c\u00e2t de mare este urgen\u021ba ca podul vechi de 100 de ani din centrul Bucure\u0219tiului s\u0103 fie ref\u0103cut c\u00e2t mai rapid, lucru pe care, din p\u0103cate, primarul general refuz\u0103 s\u0103-l priceap\u0103. Spre exemplu de 2 s\u0103pt\u0103m\u00e2ni a\u0219tept\u0103m cu sufletul la gur\u0103 ca primarul general, intrat \u00een campania electoral\u0103 pentru func\u021bia de pre\u0219edinte, s\u0103-\u0219i fac\u0103 timp s\u0103-\u0219i ia m\u0103car un pic \u00een serios atribu\u021biile de primar general \u0219i s\u0103 semneze, a\u0219a cum a promis public, avizul de circula\u021bie pentru comisia tehnic\u0103 de circula\u021bie, redactat \u00eenc\u0103 de la finalul anului trecut. Nu \u0219tim \u00een ce const\u0103 preg\u0103tirea d\u00e2nsului\u201d, a declarat B\u0103lu\u021b\u0103.<\/p>\n<p>Acesta a mai ad\u0103ugat c\u0103 autorit\u0103\u021bile locale din Sectorul 4 au ob\u021binut toate avizele necesare, inclusiv cele de la institu\u021bii precum Apele Rom\u00e2ne, ISU, Ministerul Culturii, STS, MApN \u0219i altele.<\/p>\n<p>B\u0103lu\u021b\u0103 a continuat s\u0103 critice blocajele, suger\u00e2nd, ironic, c\u0103 exist\u0103 o alternativ\u0103: \u201eDac\u0103 eu nu pricep nimic din acest\u0103 situa\u021bie, ce s\u0103 mai \u00een\u021beleag\u0103 cet\u0103\u021benii Capitalei din aceast\u0103 situa\u021bie? Noi nu \u0219tim c\u00e2t va mai dura p\u00e2n\u0103 c\u00e2nd primarul general va considera c\u0103 pot \u00eencepe lucr\u0103rile la Plan\u0219eul Unirii, dar am aflat c\u0103 exist\u0103 o alternativ\u0103. \u00cen Cehia, de exemplu, castorii au reu\u0219it \u00een doar 2 zile s\u0103 construiasc\u0103 un baraj pentru care autorit\u0103\u021bile \u00eenc\u0103 cereau autoriza\u021bii, este o \u0219tire foarte serioasa, nu este o glum\u0103. (\u2026) Suntem preg\u0103ti\u021bi s\u0103 aducem castorii din Cehia poate reu\u0219im s\u0103-i antren\u0103m \u0219i pe cei din Rom\u00e2nia pentru a rezolva aceast\u0103 problem\u0103 \u0219i la noi\u201d.<\/p>\n<p>Nicu\u0219or Dan declara, la sf\u00e2r\u0219itul lunii ianuarie, c\u0103 \u201eavizul de circula\u021bie din partea noastr\u0103 este deja preg\u0103tit, va fi semnat de mine s\u0103pt\u0103m\u00e2na asta \u0219i o s\u0103 fie transmis la Prim\u0103ria Sectorului 4. Mai departe, imediat dup\u0103, a\u0219tept\u0103m ca Prim\u0103ria Sectorului 4 s\u0103 vin\u0103 cu toate celelalte avize ca noi s\u0103 d\u0103m autoriza\u021bie\u201d.<\/p>","protected":false},"excerpt":{"rendered":"<p>Avem toate autoriza\u021biile necesare, iar Guvernul a alocat aproape\u00a0800 de milioane de lei, f\u0103r\u0103 TVA,&hellip;<\/p>\n","protected":false},"author":0,"featured_media":30504,"comment_status":"open","ping_status":"open","sticky":false,"template":"","format":"standard","meta":{"footnotes":""},"categories":[2],"tags":[],"class_list":["post-30516","post","type-post","status-publish","format-standard","has-post-thumbnail","hentry","category-actual"],"_links":{"self":[{"href":"https:\/\/247stiri.ro\/index.php\/wp-json\/wp\/v2\/posts\/30516","targetHints":{"allow":["GET"]}}],"collection":[{"href":"https:\/\/247stiri.ro\/index.php\/wp-json\/wp\/v2\/posts"}],"about":[{"href":"https:\/\/247stiri.ro\/index.php\/wp-json\/wp\/v2\/types\/post"}],"replies":[{"embeddable":true,"href":"https:\/\/247stiri.ro\/index.php\/wp-json\/wp\/v2\/comments?post=30516"}],"version-history":[{"count":0,"href":"https:\/\/247stiri.ro\/index.php\/wp-json\/wp\/v2\/posts\/30516\/revisions"}],"wp:featuredmedia":[{"embeddable":true,"href":"https:\/\/247stiri.ro\/index.php\/wp-json\/wp\/v2\/media\/30504"}],"wp:attachment":[{"href":"https:\/\/247stiri.ro\/index.php\/wp-json\/wp\/v2\/media?parent=30516"}],"wp:term":[{"taxonomy":"category","embeddable":true,"href":"https:\/\/247stiri.ro\/index.php\/wp-json\/wp\/v2\/categories?post=30516"},{"taxonomy":"post_tag","embeddable":true,"href":"https:\/\/247stiri.ro\/index.php\/wp-json\/wp\/v2\/tags?post=30516"}],"curies":[{"name":"wp","href":"https:\/\/api.w.org\/{rel}","templated":true}]}}