{"id":30518,"date":"2025-02-10T12:45:41","date_gmt":"2025-02-10T12:45:41","guid":{"rendered":"https:\/\/247stiri.ro\/index.php\/2025\/02\/10\/o-avocata-a-fost-trimisa-in-judecata-ar-fi-ordonat-asasinarea-a-trei-oameni\/"},"modified":"2025-02-10T12:45:41","modified_gmt":"2025-02-10T12:45:41","slug":"o-avocata-a-fost-trimisa-in-judecata-ar-fi-ordonat-asasinarea-a-trei-oameni","status":"publish","type":"post","link":"https:\/\/247stiri.ro\/index.php\/2025\/02\/10\/o-avocata-a-fost-trimisa-in-judecata-ar-fi-ordonat-asasinarea-a-trei-oameni\/","title":{"rendered":"O avocat\u0103 a fost trimis\u0103  \u00een judecat\u0103. Ar fi ordonat asasinarea a trei oameni"},"content":{"rendered":"<p>n perioada 1 &#8211; 30 octombrie 2024, \u00een contextul \u00een care fiul s\u0103u a decedat pe teritoriul Marii Britanii \u00een luna octombrie 2023, inculpata a \u00eencercat s\u0103 determine prin corupere o persoan\u0103 s\u0103 ucid\u0103 alte trei persoane b\u0103nuite de ea c\u0103 ar avea leg\u0103tur\u0103 cu decesul fiului s\u0103u. Totodat\u0103, la data de 8 august 2024, prin intermediul unei persoane, inculpata i-a transmis amenin\u021b\u0103ri cu moartea uneia dintre persoanele b\u0103nuite c\u0103 ar avea leg\u0103tur\u0103 cu decesul fiului s\u0103u&#8217;, transmite Parchetul General.Convins\u0103 c\u0103 fiul s\u0103u, care se ocupa cu investi\u021bii \u00een criptomonede, a fost omor\u00e2t sau a fost determinat s\u0103 se sinucid\u0103 cu scopul de a i se sustrage criptomonede, avocata a pus la dispozi\u021bie presupusului asasin informa\u021bii \u0219i fotografii ale celor trei persoane vizate.Procurorii sus\u021bin c\u0103 femeia ar fi fost dispus\u0103 s\u0103-i pl\u0103teasc\u0103 asasinului suma de 30.000 de euro, reprezent\u00e2nd c\u00e2te 10.000 de euro pentru fiecare victim\u0103, la care s-ar fi ad\u0103ugat cheltuielile aferente (transport, cazare), banii urm\u00e2nd s\u0103 fie ob\u021binu\u021bi \u00een c\u00e2teva zile, \u00een urma v\u00e2nz\u0103rii unui apartament.<\/p>","protected":false},"excerpt":{"rendered":"<p>n perioada 1 &#8211; 30 octombrie 2024, \u00een contextul \u00een care fiul s\u0103u a decedat&hellip;<\/p>\n","protected":false},"author":0,"featured_media":30519,"comment_status":"open","ping_status":"open","sticky":false,"template":"","format":"standard","meta":{"footnotes":""},"categories":[2],"tags":[],"class_list":["post-30518","post","type-post","status-publish","format-standard","has-post-thumbnail","hentry","category-actual"],"_links":{"self":[{"href":"https:\/\/247stiri.ro\/index.php\/wp-json\/wp\/v2\/posts\/30518","targetHints":{"allow":["GET"]}}],"collection":[{"href":"https:\/\/247stiri.ro\/index.php\/wp-json\/wp\/v2\/posts"}],"about":[{"href":"https:\/\/247stiri.ro\/index.php\/wp-json\/wp\/v2\/types\/post"}],"replies":[{"embeddable":true,"href":"https:\/\/247stiri.ro\/index.php\/wp-json\/wp\/v2\/comments?post=30518"}],"version-history":[{"count":0,"href":"https:\/\/247stiri.ro\/index.php\/wp-json\/wp\/v2\/posts\/30518\/revisions"}],"wp:featuredmedia":[{"embeddable":true,"href":"https:\/\/247stiri.ro\/index.php\/wp-json\/wp\/v2\/media\/30519"}],"wp:attachment":[{"href":"https:\/\/247stiri.ro\/index.php\/wp-json\/wp\/v2\/media?parent=30518"}],"wp:term":[{"taxonomy":"category","embeddable":true,"href":"https:\/\/247stiri.ro\/index.php\/wp-json\/wp\/v2\/categories?post=30518"},{"taxonomy":"post_tag","embeddable":true,"href":"https:\/\/247stiri.ro\/index.php\/wp-json\/wp\/v2\/tags?post=30518"}],"curies":[{"name":"wp","href":"https:\/\/api.w.org\/{rel}","templated":true}]}}