{"id":30524,"date":"2025-02-10T13:44:48","date_gmt":"2025-02-10T13:44:48","guid":{"rendered":"https:\/\/247stiri.ro\/index.php\/2025\/02\/10\/marcel-ciolacu-prima-reactie-dupa-demisia-lui-klaus-iohannis-anuntul-care-dinamiteaza-scena-politica\/"},"modified":"2025-02-10T13:44:48","modified_gmt":"2025-02-10T13:44:48","slug":"marcel-ciolacu-prima-reactie-dupa-demisia-lui-klaus-iohannis-anuntul-care-dinamiteaza-scena-politica","status":"publish","type":"post","link":"https:\/\/247stiri.ro\/index.php\/2025\/02\/10\/marcel-ciolacu-prima-reactie-dupa-demisia-lui-klaus-iohannis-anuntul-care-dinamiteaza-scena-politica\/","title":{"rendered":"Marcel Ciolacu, prima reac\u021bie dup\u0103 demisia lui Klaus Iohannis. Anun\u021bul care dinamiteaz\u0103 scena politic\u0103"},"content":{"rendered":"<p>&#8222;Nu sunt un mare fan al pre\u0219edintelui Klaus Iohannis, nu l-am votat niciodat\u0103&#8221;, a declarat, ast\u0103zi, Marcel Ciolacu, la Parlement, solicitat s\u0103 comenteze demisia \u0219efului statului.\u00a0<\/p>\n<p>\u00centrebat dac\u0103 r\u0103m\u00e2ne Crin Antonescu candidat unic al coali\u021biei la alegerile preziden\u021biale, Ciolacu a replicat: &#8222;Da, cu certitudine. Este candidatul Coali\u021biei \u0219i va r\u0103m\u00e2ne candidatul Coali\u021biei.&#8221;\u00a0<\/p>\n<p>Reamintim c\u0103 ast\u0103zi pre\u0219edintele ilegitim Klaus Iohannis \u0219i-a anun\u021bat demisia de la palatul Cotroceni.<\/p>\n<p><a href=\"https:\/\/www.realitatea.net\/stiri\/politica\/klaus-iohannis-declaratii-bomba-in-scurt-timp-isi-anunta-demisia-live-text-si-video_67a9e76d6a621d52ed2e8e82\" target=\"_blank\">Klaus Iohannis: DEMISIONEZ din func\u021bia de pre\u0219edinte al Rom\u00e2niei. Ce rost are suspendarea? Vom fi de r\u00e2sul lumii. Dumnezeu s\u0103 binecuv\u00e2nteze Rom\u00e2nia!\u00a0<\/a><\/p>","protected":false},"excerpt":{"rendered":"<p>&#8222;Nu sunt un mare fan al pre\u0219edintelui Klaus Iohannis, nu l-am votat niciodat\u0103&#8221;, a declarat,&hellip;<\/p>\n","protected":false},"author":0,"featured_media":30525,"comment_status":"open","ping_status":"open","sticky":false,"template":"","format":"standard","meta":{"footnotes":""},"categories":[3],"tags":[],"class_list":["post-30524","post","type-post","status-publish","format-standard","has-post-thumbnail","hentry","category-politica"],"_links":{"self":[{"href":"https:\/\/247stiri.ro\/index.php\/wp-json\/wp\/v2\/posts\/30524","targetHints":{"allow":["GET"]}}],"collection":[{"href":"https:\/\/247stiri.ro\/index.php\/wp-json\/wp\/v2\/posts"}],"about":[{"href":"https:\/\/247stiri.ro\/index.php\/wp-json\/wp\/v2\/types\/post"}],"replies":[{"embeddable":true,"href":"https:\/\/247stiri.ro\/index.php\/wp-json\/wp\/v2\/comments?post=30524"}],"version-history":[{"count":0,"href":"https:\/\/247stiri.ro\/index.php\/wp-json\/wp\/v2\/posts\/30524\/revisions"}],"wp:featuredmedia":[{"embeddable":true,"href":"https:\/\/247stiri.ro\/index.php\/wp-json\/wp\/v2\/media\/30525"}],"wp:attachment":[{"href":"https:\/\/247stiri.ro\/index.php\/wp-json\/wp\/v2\/media?parent=30524"}],"wp:term":[{"taxonomy":"category","embeddable":true,"href":"https:\/\/247stiri.ro\/index.php\/wp-json\/wp\/v2\/categories?post=30524"},{"taxonomy":"post_tag","embeddable":true,"href":"https:\/\/247stiri.ro\/index.php\/wp-json\/wp\/v2\/tags?post=30524"}],"curies":[{"name":"wp","href":"https:\/\/api.w.org\/{rel}","templated":true}]}}