{"id":30535,"date":"2025-02-10T13:44:52","date_gmt":"2025-02-10T13:44:52","guid":{"rendered":"https:\/\/247stiri.ro\/index.php\/2025\/02\/10\/daniel-funeriu-dupa-anuntul-plecarii-lui-iohannis-de-la-cotroceni-demisie-inseamna-victoria-celor-care-ti-o-cer-inseamna-fuga-de-raspundere\/"},"modified":"2025-02-10T13:44:52","modified_gmt":"2025-02-10T13:44:52","slug":"daniel-funeriu-dupa-anuntul-plecarii-lui-iohannis-de-la-cotroceni-demisie-inseamna-victoria-celor-care-ti-o-cer-inseamna-fuga-de-raspundere","status":"publish","type":"post","link":"https:\/\/247stiri.ro\/index.php\/2025\/02\/10\/daniel-funeriu-dupa-anuntul-plecarii-lui-iohannis-de-la-cotroceni-demisie-inseamna-victoria-celor-care-ti-o-cer-inseamna-fuga-de-raspundere\/","title":{"rendered":"Daniel Funeriu, dup\u0103 anun\u021bul plec\u0103rii lui Iohannis de la Cotroceni: \u201dDemisie \u00eenseamn\u0103 victoria celor care \u021bi-o cer, \u00eenseamn\u0103 fuga de r\u0103spundere\u201d"},"content":{"rendered":"<p>La scurt timp dup\u0103 ce <a href=\"https:\/\/www.realitatea.net\/stiri\/politica\/klaus-iohannis-declaratii-bomba-in-scurt-timp-isi-anunta-demisia-live-text-si-video_67a9e76d6a621d52ed2e8e82\" target=\"_blank\">Klaus Iohannis a anun\u021bat c\u0103 demisioneaz\u0103 din func\u021bia de pre\u0219edinte al Rom\u00e2niei<\/a>, fostul ministru al Educa\u021biei a transmis c\u0103 turistul de la Cotroceni \u0219i-a ratat ie\u0219irea din scen\u0103.\u00a0<\/p>\n<p>\u201dPre\u015fedintele Iohannis \u015fi-a ratat \u015fi ie\u015firea din scen\u0103: venit ca salvator, o prezen\u021b\u0103 c\u00e2t o absen\u021b\u0103, o plecare pe u\u015fa cea mic\u0103. Asta va re\u021bine istoria.<\/p>\n<p>Demisie \u00eenseamn\u0103 abandon. Demisie \u00eenseamn\u0103 cel pu\u021bin o musc\u0103 pe c\u0103ciul\u0103. Demisie \u00eenseamn\u0103 fuga de r\u0103spundere. Demisie \u00eenseamn\u0103 incompatibilitate cu \u021bara pe care o conduci. Demisie \u00eenseamn\u0103 victoria celor care \u021bi-o cer\u201d, a scris Daniel Funeriu, pe Facebook.\u00a0<\/p>\n\n<p>Candidatul la pre\u0219edin\u021bia Rom\u00e2niei a afirmat c\u0103 prima sarcin\u0103 a viitorului lider de la Cotroceni este s\u0103 recredibilizeze func\u021bia de pre\u0219edinte.\u00a0<\/p>\n<p>\u201dPrima sarcin\u0103 a viitorului pre\u015fedinte va fi s\u0103 recredibilizeze func\u021bia de pre\u015fedinte, grav decredibilizat\u0103 de modul \u00een care Iohannis a e\u015fuat: venit ca salvator, o prezen\u021b\u0103 c\u00e2t o absen\u021b\u0103, o plecare pe u\u015fa cea mic\u0103.<\/p>\n<p>Cel pu\u021bin, dac\u0103 rom\u00e2nii \u00eemi vor acorda \u00eencrederea, voi prelua mandatul de la un om respectabil: Ilie Bolojan. Prefer s\u0103 str\u00e2ng o m\u00e2n\u0103 sincer\u0103, dec\u00e2t una de form\u0103\u201d, a mai spus Daniel Funeriu.\u00a0<\/p>","protected":false},"excerpt":{"rendered":"<p>La scurt timp dup\u0103 ce Klaus Iohannis a anun\u021bat c\u0103 demisioneaz\u0103 din func\u021bia de pre\u0219edinte&hellip;<\/p>\n","protected":false},"author":0,"featured_media":30527,"comment_status":"open","ping_status":"open","sticky":false,"template":"","format":"standard","meta":{"footnotes":""},"categories":[2],"tags":[],"class_list":["post-30535","post","type-post","status-publish","format-standard","has-post-thumbnail","hentry","category-actual"],"_links":{"self":[{"href":"https:\/\/247stiri.ro\/index.php\/wp-json\/wp\/v2\/posts\/30535","targetHints":{"allow":["GET"]}}],"collection":[{"href":"https:\/\/247stiri.ro\/index.php\/wp-json\/wp\/v2\/posts"}],"about":[{"href":"https:\/\/247stiri.ro\/index.php\/wp-json\/wp\/v2\/types\/post"}],"replies":[{"embeddable":true,"href":"https:\/\/247stiri.ro\/index.php\/wp-json\/wp\/v2\/comments?post=30535"}],"version-history":[{"count":0,"href":"https:\/\/247stiri.ro\/index.php\/wp-json\/wp\/v2\/posts\/30535\/revisions"}],"wp:featuredmedia":[{"embeddable":true,"href":"https:\/\/247stiri.ro\/index.php\/wp-json\/wp\/v2\/media\/30527"}],"wp:attachment":[{"href":"https:\/\/247stiri.ro\/index.php\/wp-json\/wp\/v2\/media?parent=30535"}],"wp:term":[{"taxonomy":"category","embeddable":true,"href":"https:\/\/247stiri.ro\/index.php\/wp-json\/wp\/v2\/categories?post=30535"},{"taxonomy":"post_tag","embeddable":true,"href":"https:\/\/247stiri.ro\/index.php\/wp-json\/wp\/v2\/tags?post=30535"}],"curies":[{"name":"wp","href":"https:\/\/api.w.org\/{rel}","templated":true}]}}