{"id":30536,"date":"2025-02-10T13:44:52","date_gmt":"2025-02-10T13:44:52","guid":{"rendered":"https:\/\/247stiri.ro\/index.php\/2025\/02\/10\/demisia-lui-klaus-iohannis-reactii-in-presa-internationala\/"},"modified":"2025-02-10T13:44:52","modified_gmt":"2025-02-10T13:44:52","slug":"demisia-lui-klaus-iohannis-reactii-in-presa-internationala","status":"publish","type":"post","link":"https:\/\/247stiri.ro\/index.php\/2025\/02\/10\/demisia-lui-klaus-iohannis-reactii-in-presa-internationala\/","title":{"rendered":"Demisia lui Klaus Iohannis, reac\u021bii \u00een presa interna\u021bional\u0103"},"content":{"rendered":"<p>\u201ePre\u0219edintele centrist \u00een exerci\u021biu al Rom\u00e2niei, Klaus Iohannis, \u0219i-a dat demisia luni, deoarece partidele parlamentare de extrem\u0103 dreapta de opozi\u021bie pl\u0103nuiau s\u0103-l fie demis.<\/p>\n<p>Uniunea European\u0103 \u0219i statul membru NATO, care se \u00eenvecineaz\u0103 cu Ucraina, au fost cufundate \u00een haos institu\u021bional anul trecut, c\u00e2nd criticul NATO de extrem\u0103 dreapt\u0103 pu\u021bin cunoscut C\u0103lin Georgescu a c\u00e2\u0219tigat primul tur al alegerilor preziden\u021biale.<\/p>\n<p>Dup\u0103 acuza\u021biile de ingerin\u021b\u0103 rus\u0103 &#8211; negate de Moscova &#8211; instan\u021ba suprem\u0103 a Rom\u00e2niei a anulat \u00eentregul scrutin\u201d, scrie Reuters.<\/p>\n<p>\u201ePre\u0219edintele Rom\u00e2niei, Klaus Iohannis, anun\u021b\u0103 demisia dup\u0103 presiunile populi\u0219tilor<\/p>\n<p>Pre\u0219edintele Rom\u00e2niei, Klaus Iohannis, \u0219i-a anun\u021bat luni demisia, \u00een urma presiunilor tot mai mari din partea grupurilor populiste de opozi\u021bie, la dou\u0103 luni dup\u0103 ce o instan\u021b\u0103 superioar\u0103 a anulat alegerile preziden\u021biale din \u021bara Uniunii Europene.<\/p>\n<p>\u201ePentru a scuti Rom\u00e2nia de aceast\u0103 criz\u0103, \u00eemi dau demisia din func\u021bia de pre\u0219edinte al Rom\u00e2niei\u201d, a spus el \u00eentr-un discurs emo\u021bionant luni, ad\u0103ug\u00e2nd c\u0103 va pleca din func\u021bie pe 12 februarie.<\/p>\n<p>Iohannis, \u00een v\u00e2rst\u0103 de 65 de ani, a de\u021binut func\u021bia preziden\u021bial\u0103 din 2014 \u0219i a \u00eendeplinit maximum dou\u0103 mandate de cinci ani. Dar pre\u0219edin\u021bia sa a fost prelungit\u0103 \u00een decembrie, dup\u0103 ce Curtea Constitu\u021bional\u0103 a anulat cursa preziden\u021bial\u0103 cu dou\u0103 zile \u00eenainte de turul din 8 decembrie.<\/p>\n<p>Asta a venit dup\u0103 ce populistul de extrem\u0103 dreapta C\u0103lin Georgescu a c\u00e2\u0219tigat pe nea\u0219teptate primul tur, dup\u0103 care au ap\u0103rut acuza\u021bii de ingerin\u021b\u0103 rus\u0103 \u0219i \u00eenc\u0103lc\u0103ri electorale\u201d, titreaz\u0103 Associated Press.<\/p>\n<p>\u201ePre\u0219edintele Rom\u00e2niei \u0219i-a anun\u021bat demisia<\/p>\n<p>Klaus Iohannis \u0219i-a anun\u021bat luni demisia din func\u021bia de pre\u0219edinte al Rom\u00e2niei, pe fondul nemul\u021bumirii tot mai mari \u00een r\u00e2ndul popula\u021biei \u0219i chiar \u00een r\u00e2ndul propriilor alia\u021bi politici.<\/p>\n<p>\u00a0<\/p>\n<p>Iohannis a spus c\u0103 va demisiona miercuri.<\/p>\n<p>\u00a0<\/p>\n<p>C\u00e2nd a anulat primul tur al alegerilor preziden\u021biale din decembrie, Curtea Constitu\u021bional\u0103 a decis c\u0103 Iohannis poate r\u0103m\u00e2ne \u00een func\u021bie p\u00e2n\u0103 c\u00e2nd va fi ales un succesor.<\/p>\n<p>\u00a0<\/p>\n<p>\u00cens\u0103 mul\u021bi exper\u021bi au pus sub semnul \u00eentreb\u0103rii decizia, spun\u00e2nd c\u0103 constitu\u021bia Rom\u00e2niei nu con\u021bine prevederi clare privind prelungirea mandatului preziden\u021bial peste cinci ani.<\/p>\n<p>\u00a0<\/p>\n<p>Partidele extremiste care s-au format \u00een parlament dup\u0103 alegerile parlamentare din 1 decembrie i-au cerut \u00een repetate r\u00e2nduri lui Iohannis s\u0103 demisioneze. POT, un partid extremist nou format care l-a sus\u021binut pe candidatul pro-rus C\u0103lin Georgescu, nu a reu\u0219it de dou\u0103 ori s\u0103 ob\u021bin\u0103 suficiente voturi pentru a trece o mo\u021biune de suspendare a pre\u0219edintelui.<\/p>\n<p>\u00a0<\/p>\n<p>Cu sprijinul a 26 de parlamentari din partidul pro-european USR (Renew), a treia \u00eencercare a avut succes.<\/p>\n<p>\u00a0<\/p>\n<p>Luni, conducerea parlamentului a decis ca plenul s\u0103 voteze mar\u021bi cererea de suspendare a pre\u0219edintelui.<\/p>\n<p>\u00a0<\/p>\n<p>Constitu\u021bia prevede c\u0103, \u00een cazul unui post vacant, pre\u0219edin\u021bia interimar\u0103 este asumat\u0103 de pre\u0219edintele Senatului.<\/p>\n<p>\u00a0<\/p>\n<p>Din decembrie anul trecut, Senatul este condus de pre\u0219edintele PNL, Ilie Bolojan\u201d, scrie Euractiv.<\/p>\n<p>\u00a0<\/p>\n<p>\u00a0<\/p>","protected":false},"excerpt":{"rendered":"<p>\u201ePre\u0219edintele centrist \u00een exerci\u021biu al Rom\u00e2niei, Klaus Iohannis, \u0219i-a dat demisia luni, deoarece partidele parlamentare&hellip;<\/p>\n","protected":false},"author":0,"featured_media":30523,"comment_status":"open","ping_status":"open","sticky":false,"template":"","format":"standard","meta":{"footnotes":""},"categories":[2],"tags":[],"class_list":["post-30536","post","type-post","status-publish","format-standard","has-post-thumbnail","hentry","category-actual"],"_links":{"self":[{"href":"https:\/\/247stiri.ro\/index.php\/wp-json\/wp\/v2\/posts\/30536","targetHints":{"allow":["GET"]}}],"collection":[{"href":"https:\/\/247stiri.ro\/index.php\/wp-json\/wp\/v2\/posts"}],"about":[{"href":"https:\/\/247stiri.ro\/index.php\/wp-json\/wp\/v2\/types\/post"}],"replies":[{"embeddable":true,"href":"https:\/\/247stiri.ro\/index.php\/wp-json\/wp\/v2\/comments?post=30536"}],"version-history":[{"count":0,"href":"https:\/\/247stiri.ro\/index.php\/wp-json\/wp\/v2\/posts\/30536\/revisions"}],"wp:featuredmedia":[{"embeddable":true,"href":"https:\/\/247stiri.ro\/index.php\/wp-json\/wp\/v2\/media\/30523"}],"wp:attachment":[{"href":"https:\/\/247stiri.ro\/index.php\/wp-json\/wp\/v2\/media?parent=30536"}],"wp:term":[{"taxonomy":"category","embeddable":true,"href":"https:\/\/247stiri.ro\/index.php\/wp-json\/wp\/v2\/categories?post=30536"},{"taxonomy":"post_tag","embeddable":true,"href":"https:\/\/247stiri.ro\/index.php\/wp-json\/wp\/v2\/tags?post=30536"}],"curies":[{"name":"wp","href":"https:\/\/api.w.org\/{rel}","templated":true}]}}