{"id":30537,"date":"2025-02-10T13:44:52","date_gmt":"2025-02-10T13:44:52","guid":{"rendered":"https:\/\/247stiri.ro\/index.php\/2025\/02\/10\/victor-ponta-despre-demisia-lui-klaus-iohannis-ce-blestem-pe-romania\/"},"modified":"2025-02-10T13:44:52","modified_gmt":"2025-02-10T13:44:52","slug":"victor-ponta-despre-demisia-lui-klaus-iohannis-ce-blestem-pe-romania","status":"publish","type":"post","link":"https:\/\/247stiri.ro\/index.php\/2025\/02\/10\/victor-ponta-despre-demisia-lui-klaus-iohannis-ce-blestem-pe-romania\/","title":{"rendered":"Victor Ponta, despre demisia lui Klaus Iohannis: \u201dCe blestem pe Rom\u00e2nia!\u201d"},"content":{"rendered":"<p>Fostul consilier onorific al premierului Marcel Ciolacu a afirmat c\u0103 de\u0219i <a href=\"https:\/\/www.realitatea.net\/stiri\/politica\/klaus-iohannis-declaratii-bomba-in-scurt-timp-isi-anunta-demisia-live-text-si-video_67a9e76d6a621d52ed2e8e82\" target=\"_blank\">Klaus Iohannis a plecat de la conducerea \u021b\u0103rii<\/a>, cei care l-au \u021binut \u00een func\u021bia de pre\u0219edinte al Rom\u00e2niei, \u00een ciuda voin\u021bei poporului rom\u00e2n, sunt \u00eenc\u0103 la putere \u0219i \u00eencearc\u0103 s\u0103 impun\u0103 un alt pre\u0219edinte \u201dantirom\u00e2n\u201d.\u00a0<\/p>\n<p>\u201dCe BLESTEM pe Romania. Acum s-a \u00eencheiat! Dar toti complicii \u0219i tr\u0103datorii care l-au adus pe Iohannis \u0219i l-au \u021binut \u00een func\u021bie \u00eempotriva rom\u00e2nilor sunt \u00eenc\u0103 la \u201cputere\u201d ! Sistemul \u201cIohannis\u201d controleaz\u0103 \u00eenca Rom\u00e2nia \u0219i \u00eencearc\u0103 s\u0103 impun\u0103 \u00een continuare un Pre\u0219edinte la fel de antirom\u00e2n \u0219i la fel de tic\u0103lo\u0219it\u201d, a scris Vistor Ponta, pe pagina sa de Facebook.\u00a0<\/p>\n\n<p>De asemenea, Victor Ponta a afirmat c\u0103 rom\u00e2nii trebuie s\u0103 \u00ee\u0219i ia \u021bara \u00eenapoi \u0219i c\u0103 to\u021bi cei care au f\u0103cut parte din sistemul \u201dIohannis\u201d trebuie s\u0103 plece.\u00a0<\/p>\n<p>\u201dTrebuie s\u0103 ne lu\u0103m \u021aara \u00eenapoi \u0219i s\u0103-i vedem plecati pe TO\u021aI! Doar a\u0219a putem s\u0103 punem din nou Rom\u00e2nia \u0219i romanii pe primul loc! A\u0219a se ne ajute Dumnezeu\u201d, a mai transmis fostul premier al Rom\u00e2niei.\u00a0<\/p>","protected":false},"excerpt":{"rendered":"<p>Fostul consilier onorific al premierului Marcel Ciolacu a afirmat c\u0103 de\u0219i Klaus Iohannis a plecat&hellip;<\/p>\n","protected":false},"author":0,"featured_media":30530,"comment_status":"open","ping_status":"open","sticky":false,"template":"","format":"standard","meta":{"footnotes":""},"categories":[2],"tags":[],"class_list":["post-30537","post","type-post","status-publish","format-standard","has-post-thumbnail","hentry","category-actual"],"_links":{"self":[{"href":"https:\/\/247stiri.ro\/index.php\/wp-json\/wp\/v2\/posts\/30537","targetHints":{"allow":["GET"]}}],"collection":[{"href":"https:\/\/247stiri.ro\/index.php\/wp-json\/wp\/v2\/posts"}],"about":[{"href":"https:\/\/247stiri.ro\/index.php\/wp-json\/wp\/v2\/types\/post"}],"replies":[{"embeddable":true,"href":"https:\/\/247stiri.ro\/index.php\/wp-json\/wp\/v2\/comments?post=30537"}],"version-history":[{"count":0,"href":"https:\/\/247stiri.ro\/index.php\/wp-json\/wp\/v2\/posts\/30537\/revisions"}],"wp:featuredmedia":[{"embeddable":true,"href":"https:\/\/247stiri.ro\/index.php\/wp-json\/wp\/v2\/media\/30530"}],"wp:attachment":[{"href":"https:\/\/247stiri.ro\/index.php\/wp-json\/wp\/v2\/media?parent=30537"}],"wp:term":[{"taxonomy":"category","embeddable":true,"href":"https:\/\/247stiri.ro\/index.php\/wp-json\/wp\/v2\/categories?post=30537"},{"taxonomy":"post_tag","embeddable":true,"href":"https:\/\/247stiri.ro\/index.php\/wp-json\/wp\/v2\/tags?post=30537"}],"curies":[{"name":"wp","href":"https:\/\/api.w.org\/{rel}","templated":true}]}}