{"id":30539,"date":"2025-02-10T13:44:53","date_gmt":"2025-02-10T13:44:53","guid":{"rendered":"https:\/\/247stiri.ro\/index.php\/2025\/02\/10\/demisia-lui-klaus-iohannis-crin-antonescu-nu-este-cazul-sa-dramatizam\/"},"modified":"2025-02-10T13:44:53","modified_gmt":"2025-02-10T13:44:53","slug":"demisia-lui-klaus-iohannis-crin-antonescu-nu-este-cazul-sa-dramatizam","status":"publish","type":"post","link":"https:\/\/247stiri.ro\/index.php\/2025\/02\/10\/demisia-lui-klaus-iohannis-crin-antonescu-nu-este-cazul-sa-dramatizam\/","title":{"rendered":"Demisia lui Klaus Iohannis. Crin Antonescu: \u201eNu este cazul s\u0103 dramatiz\u0103m!\u201d"},"content":{"rendered":"<p>Proasp\u0103t desemnat candidat al coali\u021biei PSD-PNL-UDMR la Pre\u0219edin\u021bie, Crin Antonescu a declarat, luni, 10 februarie, c\u0103 decizia lui Klaus Iohannis de a demisiona \u201ea fost una \u00een\u021beleapt\u0103\u201d.<\/p>\n<p>\u201eEste o decizie a pre\u0219edintelui pe care nu o comentez. Nu cred c\u0103 avem motive s\u0103 dramatiz\u0103m. Este o situa\u021bie preferabil\u0103 declan\u0219\u0103rii unui proces de suspendare. Decizia pre\u0219edintelui a fost una \u00een\u021beleapt\u0103\u201d\u201d, a afirmat Crin Antonescu.<\/p>\n<p>Crin Antonescu a confirmat c\u0103, dup\u0103 anun\u021bul pre\u0219edintelui, situa\u021bia r\u0103m\u00e2ne aceea\u0219i \u0219i el va fi \u00een continuare candidatul la coali\u021biei PSD-PNL-UDMR la alegerile preziden\u021biale din mai.<\/p>\n<p>\u00centrebat dac\u0103 crede c\u0103 demisia lui Iohannis va \u00eensemna mai pu\u021bin\u0103 presiune \u00een societate, Crin Antonescu a r\u0103spuns: \u201eNu \u0219tiu, sper\u201d<\/p>\n<p><a href=\"https:\/\/www.realitatea.net\/stiri\/politica\/klaus-iohannis-declaratii-bomba-in-scurt-timp-isi-anunta-demisia-live-text-si-video_67a9e76d6a621d52ed2e8e82\" target=\"_blank\">Klaus Iohannis: DEMISIONEZ din func\u021bia de pre\u0219edinte al Rom\u00e2niei. Ce rost are suspendarea? Vom fi de r\u00e2sul lumii. Dumnezeu s\u0103 binecuv\u00e2nteze Rom\u00e2nia!<\/a><\/p>\n<p>\u201eE clar c\u0103 cei care au agitat ideea suspend\u0103rii au avut \u00een vedere doar ra\u021biuni electorale (\u2026) Despre mandatele lui Iohannis putem discuta, nu am nicio ezitare \u0219i am curajul s\u0103 spun c\u0103 s-au \u00eent\u00e2mplat \u0219i lucruri bune, dar aceast\u0103 discu\u021bie e una despre trecut. Acum discut\u0103m despre viitor\u201c, a declarat Crin Antonescu.<\/p>\n<p>El a spus c\u0103 pre\u0219edintele Senatului preia postul de pre\u0219edinte interimar, iar Guvernul r\u0103m\u00e2ne stabil.<\/p>\n<p>\u00centrebat dac\u0103 este posibil ca Ilie Bolojan, care ar urma s\u0103 fie pre\u0219edinte interimar, ar putea s\u0103 vrea s\u0103 \u0219i candideze la Pre\u0219edin\u021bie, Crin Antonescu a replicat: \u201ePrezen\u021ba lui Ilie Bolojan la Cotroceni ca pre\u0219edinte interimar nu afecteaz\u0103 cu nimic decizia PNL de a sus\u021bine un anumit candidat\u201d.<\/p>\n<p>Pre\u0219edintele Klaus Iohannis a anun\u021bat, luni, \u00eentr-o declara\u021bie de pres\u0103 la Palatul Cotroceni, c\u0103 demisioneaz\u0103 din func\u021bia de pre\u0219edinte al Rom\u00e2niei, miercuri, 12 februarie.<\/p>","protected":false},"excerpt":{"rendered":"<p>Proasp\u0103t desemnat candidat al coali\u021biei PSD-PNL-UDMR la Pre\u0219edin\u021bie, Crin Antonescu a declarat, luni, 10 februarie,&hellip;<\/p>\n","protected":false},"author":0,"featured_media":30532,"comment_status":"open","ping_status":"open","sticky":false,"template":"","format":"standard","meta":{"footnotes":""},"categories":[2],"tags":[],"class_list":["post-30539","post","type-post","status-publish","format-standard","has-post-thumbnail","hentry","category-actual"],"_links":{"self":[{"href":"https:\/\/247stiri.ro\/index.php\/wp-json\/wp\/v2\/posts\/30539","targetHints":{"allow":["GET"]}}],"collection":[{"href":"https:\/\/247stiri.ro\/index.php\/wp-json\/wp\/v2\/posts"}],"about":[{"href":"https:\/\/247stiri.ro\/index.php\/wp-json\/wp\/v2\/types\/post"}],"replies":[{"embeddable":true,"href":"https:\/\/247stiri.ro\/index.php\/wp-json\/wp\/v2\/comments?post=30539"}],"version-history":[{"count":0,"href":"https:\/\/247stiri.ro\/index.php\/wp-json\/wp\/v2\/posts\/30539\/revisions"}],"wp:featuredmedia":[{"embeddable":true,"href":"https:\/\/247stiri.ro\/index.php\/wp-json\/wp\/v2\/media\/30532"}],"wp:attachment":[{"href":"https:\/\/247stiri.ro\/index.php\/wp-json\/wp\/v2\/media?parent=30539"}],"wp:term":[{"taxonomy":"category","embeddable":true,"href":"https:\/\/247stiri.ro\/index.php\/wp-json\/wp\/v2\/categories?post=30539"},{"taxonomy":"post_tag","embeddable":true,"href":"https:\/\/247stiri.ro\/index.php\/wp-json\/wp\/v2\/tags?post=30539"}],"curies":[{"name":"wp","href":"https:\/\/api.w.org\/{rel}","templated":true}]}}