{"id":30540,"date":"2025-02-10T13:44:53","date_gmt":"2025-02-10T13:44:53","guid":{"rendered":"https:\/\/247stiri.ro\/index.php\/2025\/02\/10\/prima-reactie-a-elenei-lasconi-dupa-demisia-lui-klaus-iohannis-prea-tarziu-ca-sa-mai-fie-socotita-de-onoare\/"},"modified":"2025-02-10T13:44:53","modified_gmt":"2025-02-10T13:44:53","slug":"prima-reactie-a-elenei-lasconi-dupa-demisia-lui-klaus-iohannis-prea-tarziu-ca-sa-mai-fie-socotita-de-onoare","status":"publish","type":"post","link":"https:\/\/247stiri.ro\/index.php\/2025\/02\/10\/prima-reactie-a-elenei-lasconi-dupa-demisia-lui-klaus-iohannis-prea-tarziu-ca-sa-mai-fie-socotita-de-onoare\/","title":{"rendered":"Prima reac\u021bie a Elenei Lasconi, dup\u0103 demisia lui Klaus Iohannis: \u201dPrea t\u00e2rziu ca s\u0103 mai fie socotit\u0103 de onoare\u201d"},"content":{"rendered":"<p>\u201dUn pre\u0219edinte rupt de realitate, defazat \u0219i f\u0103r\u0103 nicio grij\u0103 fa\u021b\u0103 de oamenii care \u0219i-au pus \u00eencrederea \u00een el! Demisia lui Klaus Iohannis vine foarte t\u00e2rziu. Mult prea t\u00e2rziu ca s\u0103 mai poat\u0103 fi socotit\u0103 de onoare. \u0218i nici nu ne aduce r\u0103spunsuri la \u00eentreb\u0103rile care macin\u0103 \u021bara asta de dou\u0103 luni de zile: de ce au anulat alegerile, cum ne protej\u0103m de jocurile ru\u0219ilor, cine ne ap\u0103r\u0103 de manipulare, putem garanta securitatea urm\u0103torului scrutin?\u201d, a scris Elena Lasconi pe Facebook.<\/p>\n\n<p>Candidata USR la pre\u0219edin\u021bia Rom\u00e2niei a subliniat c\u0103 dup\u0103 10 ani \u00een care <a href=\"https:\/\/www.realitatea.net\/stiri\/politica\/klaus-iohannis-declaratii-bomba-in-scurt-timp-isi-anunta-demisia-live-text-si-video_67a9e76d6a621d52ed2e8e82\" target=\"_blank\">Klaus Iohannis<\/a> a stat la Cotroceni, Rom\u00e2nia este mai vulnerabil\u0103 ca oric\u00e2nd.<\/p>\n<p>\u201dDup\u0103 10 ani cu Iohannis la Cotroceni, din p\u0103cate, \u0219i o spun ca om care a crezut \u00een el, Rom\u00e2nia este mai vulnerabil\u0103 ca oric\u00e2nd. Pe tura domniei sale democra\u021bia s-a f\u0103cut f\u0103r\u00e2me \u0219i acest lucru nu \u00eei poate fi iertat. M\u0103 bucur c\u0103 presiunea pus\u0103 de USR \u00een Parlament l-a scos pe Iohannis din adormire \u0219i nu ne vom opri aici. Avem nevoie s\u0103 rea\u0219ez\u0103m institu\u021biile statului ca s\u0103 lucreze pentru cet\u0103\u021beni, nu pentru vremelnici coco\u021ba\u021bi \u00een func\u021bii\u201d, a mai transmis Elena Lasconi.<\/p>","protected":false},"excerpt":{"rendered":"<p>\u201dUn pre\u0219edinte rupt de realitate, defazat \u0219i f\u0103r\u0103 nicio grij\u0103 fa\u021b\u0103 de oamenii care \u0219i-au&hellip;<\/p>\n","protected":false},"author":0,"featured_media":30534,"comment_status":"open","ping_status":"open","sticky":false,"template":"","format":"standard","meta":{"footnotes":""},"categories":[2],"tags":[],"class_list":["post-30540","post","type-post","status-publish","format-standard","has-post-thumbnail","hentry","category-actual"],"_links":{"self":[{"href":"https:\/\/247stiri.ro\/index.php\/wp-json\/wp\/v2\/posts\/30540","targetHints":{"allow":["GET"]}}],"collection":[{"href":"https:\/\/247stiri.ro\/index.php\/wp-json\/wp\/v2\/posts"}],"about":[{"href":"https:\/\/247stiri.ro\/index.php\/wp-json\/wp\/v2\/types\/post"}],"replies":[{"embeddable":true,"href":"https:\/\/247stiri.ro\/index.php\/wp-json\/wp\/v2\/comments?post=30540"}],"version-history":[{"count":0,"href":"https:\/\/247stiri.ro\/index.php\/wp-json\/wp\/v2\/posts\/30540\/revisions"}],"wp:featuredmedia":[{"embeddable":true,"href":"https:\/\/247stiri.ro\/index.php\/wp-json\/wp\/v2\/media\/30534"}],"wp:attachment":[{"href":"https:\/\/247stiri.ro\/index.php\/wp-json\/wp\/v2\/media?parent=30540"}],"wp:term":[{"taxonomy":"category","embeddable":true,"href":"https:\/\/247stiri.ro\/index.php\/wp-json\/wp\/v2\/categories?post=30540"},{"taxonomy":"post_tag","embeddable":true,"href":"https:\/\/247stiri.ro\/index.php\/wp-json\/wp\/v2\/tags?post=30540"}],"curies":[{"name":"wp","href":"https:\/\/api.w.org\/{rel}","templated":true}]}}