{"id":30573,"date":"2025-02-10T15:44:49","date_gmt":"2025-02-10T15:44:49","guid":{"rendered":"https:\/\/247stiri.ro\/index.php\/2025\/02\/10\/cum-l-au-gasit-politistii-pe-tanarul-de-28-de-ani-dat-disparut-barbatul-a-fost-descoperit-pe-un-camp-dupa-ample-cautari\/"},"modified":"2025-02-10T15:44:49","modified_gmt":"2025-02-10T15:44:49","slug":"cum-l-au-gasit-politistii-pe-tanarul-de-28-de-ani-dat-disparut-barbatul-a-fost-descoperit-pe-un-camp-dupa-ample-cautari","status":"publish","type":"post","link":"https:\/\/247stiri.ro\/index.php\/2025\/02\/10\/cum-l-au-gasit-politistii-pe-tanarul-de-28-de-ani-dat-disparut-barbatul-a-fost-descoperit-pe-un-camp-dupa-ample-cautari\/","title":{"rendered":"Cum l-au g\u0103sit poli\u021bi\u0219tii pe t\u00e2n\u0103rul de 28 de ani dat disp\u0103rut? B\u0103rbatul a fost descoperit pe un c\u00e2mp dup\u0103 ample c\u0103ut\u0103ri"},"content":{"rendered":"<p>Descoperirea autoturismului abandonat<\/p>\n<p>Pe 9 februarie, \u00een jurul orei 20:00, poli\u021bi\u0219tii au g\u0103sit pe c\u00e2mp un autoturism abandonat, avariat dup\u0103 ce a lovit un st\u00e2lp. Ulterior, s-a stabilit c\u0103 vehiculul apar\u021binea unui t\u00e2n\u0103r de 28 de ani, declarat disp\u0103rut \u00een aceea\u0219i zi de IPJ Buz\u0103u, dup\u0103 ce mama acestuia a alertat autorit\u0103\u021bile, men\u021bion\u00e2nd c\u0103 se afl\u0103 \u00eentr-o stare vulnerabil\u0103.<\/p>\n<p><a href=\"https:\/\/www.realitatea.net\/stiri\/actual\/a-treia-zi-de-cautari-in-lacul-zetea-din-harghita-in-cazul-tanarului-dat-disparut-video_67a72a92d5e7491e3351d132\" target=\"_blank\">\u00cen urma acestor informa\u021bii,<\/a> 20 de poli\u021bi\u0219ti au fost mobiliza\u021bi \u0219i organiza\u021bi \u00een echipe operative pentru a-l g\u0103si pe t\u00e2n\u0103r. C\u0103ut\u0103rile au beneficiat de sprijinul unui c\u00e2ine de urm\u0103 \u0219i al unor camere cu termoviziune din dotarea IPJ Br\u0103ila.<\/p>\n<p>Dup\u0103 aproximativ trei ore de c\u0103ut\u0103ri intense, \u00een jurul orei 23:30, poli\u021bi\u0219tii l-au g\u0103sit pe DN 22, \u00een localitatea Movila-Miresii. Acesta a fost preluat \u0219i dus la postul de poli\u021bie p\u00e2n\u0103 la sosirea echipajului medical. Evaluarea preliminar\u0103 a ar\u0103tat c\u0103 t\u00e2n\u0103rul nu a fost victima niciunei infrac\u021biuni.<\/p>\n<p>Dup\u0103 consultul medical, s-a decis transportarea sa la spital pentru \u00eengrijiri de specialitate. Medicii au recomandat internarea \u00eentr-o unitate de psihiatrie <a href=\"https:\/\/www.realitatea.net\/stiri\/actual\/alerta-disparitie-un-barbat-este-de-negasit-dupa-ce-a-anuntat-ca-se-va-omori_679a6a49e4ef092e737ad82d\" target=\"_blank\">pentru evaluare \u0219i tratament suplimentar.<\/a><\/p>\n<p>\u201e\u00cen urma verific\u0103rilor s-a stabilit c\u0103 de\u021bin\u0103torul autoturismului, un t\u00e2n\u0103r de 28 de ani, din municipiul R\u00e2mnicu-S\u0103rat, jude\u0163ul Buz\u0103u, a fost dat disp\u0103rut de IPJ Buz\u0103u la aceea\u015fi dat\u0103, ca urmare a unei sesiz\u0103ri a mamei t\u00e2n\u0103rului \u00een cauz\u0103, care a precizat \u015fi c\u0103 s-ar afla \u00eentr-o stare psiho-fizic\u0103 vulnerabil\u0103. Av\u00e2nd \u00een vedere informa\u021biile ob\u0163inute la nivelul IPJ Br\u0103ila, au fost mobiliza\u021bi 20 de poli\u0163i\u015fti, care s-au constituit de \u00eendat\u0103 \u00een echipe operative, \u00een vederea desf\u0103\u0219ur\u0103rii activit\u0103\u021bilor de c\u0103utare a t\u00e2n\u0103rului&#8221;, se arat\u0103 \u00eentr-un comunicat al IPJ Br\u0103ila.<\/p>","protected":false},"excerpt":{"rendered":"<p>Descoperirea autoturismului abandonat Pe 9 februarie, \u00een jurul orei 20:00, poli\u021bi\u0219tii au g\u0103sit pe c\u00e2mp&hellip;<\/p>\n","protected":false},"author":0,"featured_media":30574,"comment_status":"open","ping_status":"open","sticky":false,"template":"","format":"standard","meta":{"footnotes":""},"categories":[2],"tags":[],"class_list":["post-30573","post","type-post","status-publish","format-standard","has-post-thumbnail","hentry","category-actual"],"_links":{"self":[{"href":"https:\/\/247stiri.ro\/index.php\/wp-json\/wp\/v2\/posts\/30573","targetHints":{"allow":["GET"]}}],"collection":[{"href":"https:\/\/247stiri.ro\/index.php\/wp-json\/wp\/v2\/posts"}],"about":[{"href":"https:\/\/247stiri.ro\/index.php\/wp-json\/wp\/v2\/types\/post"}],"replies":[{"embeddable":true,"href":"https:\/\/247stiri.ro\/index.php\/wp-json\/wp\/v2\/comments?post=30573"}],"version-history":[{"count":0,"href":"https:\/\/247stiri.ro\/index.php\/wp-json\/wp\/v2\/posts\/30573\/revisions"}],"wp:featuredmedia":[{"embeddable":true,"href":"https:\/\/247stiri.ro\/index.php\/wp-json\/wp\/v2\/media\/30574"}],"wp:attachment":[{"href":"https:\/\/247stiri.ro\/index.php\/wp-json\/wp\/v2\/media?parent=30573"}],"wp:term":[{"taxonomy":"category","embeddable":true,"href":"https:\/\/247stiri.ro\/index.php\/wp-json\/wp\/v2\/categories?post=30573"},{"taxonomy":"post_tag","embeddable":true,"href":"https:\/\/247stiri.ro\/index.php\/wp-json\/wp\/v2\/tags?post=30573"}],"curies":[{"name":"wp","href":"https:\/\/api.w.org\/{rel}","templated":true}]}}