{"id":30589,"date":"2025-02-10T16:46:32","date_gmt":"2025-02-10T16:46:32","guid":{"rendered":"https:\/\/247stiri.ro\/index.php\/2025\/02\/10\/parlamentul-se-reuneste-de-la-ora-2000-demisia-lui-iohannis-subiectul-fierbinte-pe-masa-alesilor\/"},"modified":"2025-02-10T16:46:32","modified_gmt":"2025-02-10T16:46:32","slug":"parlamentul-se-reuneste-de-la-ora-2000-demisia-lui-iohannis-subiectul-fierbinte-pe-masa-alesilor","status":"publish","type":"post","link":"https:\/\/247stiri.ro\/index.php\/2025\/02\/10\/parlamentul-se-reuneste-de-la-ora-2000-demisia-lui-iohannis-subiectul-fierbinte-pe-masa-alesilor\/","title":{"rendered":"Parlamentul se reune\u0219te de la ora 20:00. Demisia lui Iohannis, subiectul fierbinte pe masa ale\u0219ilor"},"content":{"rendered":"<p>\u0218edin\u021ba va avea loc \u00een format online, iar ale\u0219ii vor trebui s\u0103 emit\u0103 un act cu privire la demisia lui Klaus Iohannis.<\/p>\n<p>Klaus Iohannis, care \u0219i-a anun\u021bat, luni, demisia de la Palatul Cotroceni, a precizat c\u0103 va pleca din func\u021bie pe data de 12 februarie.\u00cenaintea anun\u021bului privind demisia pre\u0219edintelui, plenul Parlamentului fusese convocat, miercuri, \u00eencep\u00e2nd cu ora 10:00, pe tema suspend\u0103rii \u0219efului statului.\u00a0<\/p>\n<p>Klaus Iohannis a precizat c\u0103 decizia vine \u00een contextul \u00een care \u00een Parlamentul Rom\u00e2niei s-a pus \u00een mi\u0219care, luni, procedura de suspendare a sa din func\u021bie.\u00a0<\/p>\n<p>&#8216;Pentru a scuti Rom\u00e2nia \u0219i pe cet\u0103\u021benii rom\u00e2ni de aceast\u0103 criz\u0103, de aceast\u0103 evolu\u021bie inutil\u0103 \u0219i negativ\u0103, demisionez din func\u021bia de pre\u0219edinte al Rom\u00e2niei. Voi pleca din func\u021bie poim\u00e2ine, pe 12 februarie. Dumnezeu s\u0103 binecuv\u00e2nteze Rom\u00e2nia&#8217;, a spus Klaus Iohannis \u00eentr-o conferin\u021b\u0103 de pres\u0103 sus\u021binut\u0103 la Palatul Cotroceni.\u00a0<\/p>\n<p><a title=\"De la Iohannis la Bolojan. Ce limitari legale va avea presedintele interimar si ce atributii va putea exercita\" href=\"https:\/\/www.realitatea.net\/stiri\/actual\/de-la-iohannis-la-bolojan-ce-limitari-legale-va-avea-presedintele-interimar-si-ce-atributii-va-putea-exercita_67aa0cd8a9011670bd5babe6\">De la Iohannis la Bolojan. Ce limit\u0103ri legale va avea pre\u0219edintele interimar \u0219i ce atribu\u021bii va putea exercita<\/a><\/p>\n<p>Procedura de suspendare este un demers &#8216;inutil&#8217;, &#8216;nefondat&#8217; \u0219i &#8216;p\u0103gubos&#8217;, a apreciat Iohannis.\u00a0<\/p>\n<p>&#8216;Este un demers inutil pentru c\u0103, oricum, peste pu\u021bine luni plec din func\u021bie, dup\u0103 alegerea noului pre\u0219edinte. Este un demers nefondat, pentru c\u0103 niciodat\u0103 nu am \u00eenc\u0103lcat Constitu\u021bia. \u0218i este un demers p\u0103gubos, pentru c\u0103 de aici toat\u0103 lumea pierde, nimeni nu c\u00e2\u0219tig\u0103. Peste pu\u021bine zile, \u00een Parlamentul Rom\u00e2niei se va vota suspendarea mea \u0219i Rom\u00e2nia va intra \u00een criz\u0103, pentru c\u0103 se declan\u0219eaz\u0103 referendumul de demitere a pre\u0219edintelui. Acest \u00eentreg demers va avea efecte \u00een plan intern \u0219i va avea efecte, din p\u0103cate, \u0219i \u00een plan extern&#8217;, a spus pre\u0219edintele.\u00a0<\/p>\n<p>El a men\u021bionat c\u0103 \u00een plan intern, referendumul va fi unul &#8216;eminamente negativ&#8217;, deoarece societatea va fi divizat\u0103.\u00a0<\/p>\n<p>&#8216;Unii vor fi de acord, al\u021bii nu vor fi de acord. Toat\u0103 discu\u021bia va fi una axat\u0103 doar pe negativ. \u00centreaga societate va fi bulversat\u0103. Nu se va mai discuta despre alegerile preziden\u021biale care vor veni. Nu se va discuta despre cum va merge Rom\u00e2nia mai departe. Candida\u021bii nici m\u0103car nu vor putea s\u0103 \u00ee\u0219i prezinte ideile \u00een acest amalgam negativ. \u00cen plan extern, efectele vor fi de durat\u0103 \u0219i foarte negative. Nu va \u00een\u021belege absolut nimeni dintre partenerii no\u0219tri de ce Rom\u00e2nia \u00ee\u0219i demite pre\u0219edintele, dup\u0103 ce de fapt a \u00eenceput deja procedura pentru alegerea noului pre\u0219edinte. Nu va \u00een\u021belege absolut nimeni ce rost are un astfel de demers, c\u00e2nd pre\u0219edintele \u00een func\u021bie va pleca oricum. Mai pe rom\u00e2ne\u0219te, vom fi efectiv de r\u00e2sul lumii&#8217;, a mai spus Klaus Iohannis.\u00a0<\/p>\n<p><a title=\"Demisia lui Iohannis a ajuns in Parlament. Ce contine documentul oficial, obtinut in exclusivitate de Realitatea Plus\" href=\"https:\/\/www.realitatea.net\/stiri\/actual\/demisia-lui-iohannis-a-ajuns-in-parlament-ce-contine-documentul-oficial-obtinut-in-exclusivitate-de-realitatea-plus_67aa1f779323a06e76789012\">Demisia lui Iohannis a ajuns \u00een Parlament. Ce con\u021bine documentul oficial, ob\u021binut \u00een exclusivitate de Realitatea Plus<\/a><\/p>","protected":false},"excerpt":{"rendered":"<p>\u0218edin\u021ba va avea loc \u00een format online, iar ale\u0219ii vor trebui s\u0103 emit\u0103 un act&hellip;<\/p>\n","protected":false},"author":0,"featured_media":30584,"comment_status":"open","ping_status":"open","sticky":false,"template":"","format":"standard","meta":{"footnotes":""},"categories":[2],"tags":[],"class_list":["post-30589","post","type-post","status-publish","format-standard","has-post-thumbnail","hentry","category-actual"],"_links":{"self":[{"href":"https:\/\/247stiri.ro\/index.php\/wp-json\/wp\/v2\/posts\/30589","targetHints":{"allow":["GET"]}}],"collection":[{"href":"https:\/\/247stiri.ro\/index.php\/wp-json\/wp\/v2\/posts"}],"about":[{"href":"https:\/\/247stiri.ro\/index.php\/wp-json\/wp\/v2\/types\/post"}],"replies":[{"embeddable":true,"href":"https:\/\/247stiri.ro\/index.php\/wp-json\/wp\/v2\/comments?post=30589"}],"version-history":[{"count":0,"href":"https:\/\/247stiri.ro\/index.php\/wp-json\/wp\/v2\/posts\/30589\/revisions"}],"wp:featuredmedia":[{"embeddable":true,"href":"https:\/\/247stiri.ro\/index.php\/wp-json\/wp\/v2\/media\/30584"}],"wp:attachment":[{"href":"https:\/\/247stiri.ro\/index.php\/wp-json\/wp\/v2\/media?parent=30589"}],"wp:term":[{"taxonomy":"category","embeddable":true,"href":"https:\/\/247stiri.ro\/index.php\/wp-json\/wp\/v2\/categories?post=30589"},{"taxonomy":"post_tag","embeddable":true,"href":"https:\/\/247stiri.ro\/index.php\/wp-json\/wp\/v2\/tags?post=30589"}],"curies":[{"name":"wp","href":"https:\/\/api.w.org\/{rel}","templated":true}]}}