{"id":30591,"date":"2025-02-10T16:46:32","date_gmt":"2025-02-10T16:46:32","guid":{"rendered":"https:\/\/247stiri.ro\/index.php\/2025\/02\/10\/copilul-de-trei-ani-victima-accidentului-cumplit-din-olt-a-pierdut-lupta-cu-viata-baiatul-se-afla-in-masina-alaturi-de-matusa-si-de-bunic-in-momentul-tragediei\/"},"modified":"2025-02-10T16:46:32","modified_gmt":"2025-02-10T16:46:32","slug":"copilul-de-trei-ani-victima-accidentului-cumplit-din-olt-a-pierdut-lupta-cu-viata-baiatul-se-afla-in-masina-alaturi-de-matusa-si-de-bunic-in-momentul-tragediei","status":"publish","type":"post","link":"https:\/\/247stiri.ro\/index.php\/2025\/02\/10\/copilul-de-trei-ani-victima-accidentului-cumplit-din-olt-a-pierdut-lupta-cu-viata-baiatul-se-afla-in-masina-alaturi-de-matusa-si-de-bunic-in-momentul-tragediei\/","title":{"rendered":"Copilul de trei ani, victima accidentului cumplit din Olt, a pierdut lupta cu via\u021ba. B\u0103iatul se afla \u00een ma\u0219in\u0103 al\u0103turi de m\u0103tu\u0219\u0103 \u0219i de bunic \u00een momentul tragediei"},"content":{"rendered":"<p>Minorul de trei ani c\u0103zut\u0103 \u00een apele Oltului a murit<\/p>\n<p>\u201eDin p\u0103cate, copilul a decedat ieri (duminic\u0103 &#8211; n.r.), \u00een sec\u021bia de Terapie Intensiv\u0103. A fost adus mar\u021bi seara la Compartimentul de Primiri Urgen\u021be (CPU), iar miercuri a fost transferat la ATI. C\u00e2nd a ajuns la noi, se afla \u00een com\u0103, intubat mecanic, \u00een curs de resuscitare \u0219i cu o stare de hipotermie sever\u0103. Din nefericire, nu a mai putut fi salvat\u201d, a declarat dr. M\u0103t\u0103cu\u021b\u0103 pentru AGERPRES.<\/p>\n<p><a href=\"https:\/\/www.realitatea.net\/stiri\/actual\/tragedia-de-pe-raul-olt-barbatul-si-femeia-care-au-cazut-cu-masina-in-rau-au-decedat-ce-se-intampla-cu-copilul-de-5-ani-aflat-in-autoturism_67a30f703f56f42c531bce62\" target=\"_blank\">Copilul fusese transportat de urgen\u021b\u0103<\/a> la Spitalul din Sibiu de un echipaj SMURD de Terapie Intensiv\u0103 mobil\u0103, dup\u0103 ce a fost extras din ma\u0219ina scufundat\u0103 \u00een r\u00e2ul Olt. La momentul prelu\u0103rii de c\u0103tre echipajul medical, acesta se afla \u00een stop cardio-respirator \u0219i \u00een curs de resuscitare, suferind de o hipotermie sever\u0103, potrivit Andreei \u0218tefan, purt\u0103torul de cuv\u00e2nt al Inspectoratului pentru Situa\u021bii de Urgen\u021b\u0103 (ISU) Sibiu.<\/p>\n<p><a href=\"https:\/\/www.realitatea.net\/stiri\/actual\/impact-fatal-intre-doua-masini-victima-este-o-soferita-de-49-de-ani_67a47dbb97b92e13f9242b66\" target=\"_blank\">Accidentul dramatic<\/a> a avut loc \u00een apropierea comunei Racovi\u021ba, unde ma\u0219ina \u00een care se afla copilul, al\u0103turi de doi adul\u021bi, a plonjat \u00een apele r\u00e2ului Olt. Echipele de salvatori au intervenit rapid, iar pompierii militari au reu\u0219it s\u0103 recupereze vehiculul scufundat. Conform declara\u021biilor oferite de Sorin Albinaru, purt\u0103torul de cuv\u00e2nt al ISU V\u00e2lcea, toate cele trei persoane din autoturism au fost g\u0103site \u00een stare de incon\u0219tien\u021b\u0103 la momentul extragerii.<\/p>\n<p>\u00cen ciuda eforturilor medicilor, b\u0103ie\u021belul nu a mai putut fi salvat, iar vestea tragic\u0103 a adus durere \u00een r\u00e2ndul familiei \u0219i comunit\u0103\u021bii. Autorit\u0103\u021bile continu\u0103 s\u0103 investigheze circumstan\u021bele exacte ale accidentului, \u00een \u00eencercarea de a stabili cauzele care au dus la producerea acestuia.<\/p>","protected":false},"excerpt":{"rendered":"<p>Minorul de trei ani c\u0103zut\u0103 \u00een apele Oltului a murit \u201eDin p\u0103cate, copilul a decedat&hellip;<\/p>\n","protected":false},"author":0,"featured_media":30592,"comment_status":"open","ping_status":"open","sticky":false,"template":"","format":"standard","meta":{"footnotes":""},"categories":[2],"tags":[],"class_list":["post-30591","post","type-post","status-publish","format-standard","has-post-thumbnail","hentry","category-actual"],"_links":{"self":[{"href":"https:\/\/247stiri.ro\/index.php\/wp-json\/wp\/v2\/posts\/30591","targetHints":{"allow":["GET"]}}],"collection":[{"href":"https:\/\/247stiri.ro\/index.php\/wp-json\/wp\/v2\/posts"}],"about":[{"href":"https:\/\/247stiri.ro\/index.php\/wp-json\/wp\/v2\/types\/post"}],"replies":[{"embeddable":true,"href":"https:\/\/247stiri.ro\/index.php\/wp-json\/wp\/v2\/comments?post=30591"}],"version-history":[{"count":0,"href":"https:\/\/247stiri.ro\/index.php\/wp-json\/wp\/v2\/posts\/30591\/revisions"}],"wp:featuredmedia":[{"embeddable":true,"href":"https:\/\/247stiri.ro\/index.php\/wp-json\/wp\/v2\/media\/30592"}],"wp:attachment":[{"href":"https:\/\/247stiri.ro\/index.php\/wp-json\/wp\/v2\/media?parent=30591"}],"wp:term":[{"taxonomy":"category","embeddable":true,"href":"https:\/\/247stiri.ro\/index.php\/wp-json\/wp\/v2\/categories?post=30591"},{"taxonomy":"post_tag","embeddable":true,"href":"https:\/\/247stiri.ro\/index.php\/wp-json\/wp\/v2\/tags?post=30591"}],"curies":[{"name":"wp","href":"https:\/\/api.w.org\/{rel}","templated":true}]}}