{"id":30631,"date":"2025-02-10T19:51:12","date_gmt":"2025-02-10T19:51:12","guid":{"rendered":"https:\/\/247stiri.ro\/index.php\/2025\/02\/10\/cine-este-femeia-de-pe-cal-de-la-inceputul-emisiunii-tezaur-folcloric-multi-m-au-criticat-de-ce-a-pus-amazoana-aia-in-generic\/"},"modified":"2025-02-10T19:51:12","modified_gmt":"2025-02-10T19:51:12","slug":"cine-este-femeia-de-pe-cal-de-la-inceputul-emisiunii-tezaur-folcloric-multi-m-au-criticat-de-ce-a-pus-amazoana-aia-in-generic","status":"publish","type":"post","link":"https:\/\/247stiri.ro\/index.php\/2025\/02\/10\/cine-este-femeia-de-pe-cal-de-la-inceputul-emisiunii-tezaur-folcloric-multi-m-au-criticat-de-ce-a-pus-amazoana-aia-in-generic\/","title":{"rendered":"Cine este femeia de pe cal de la \u00eenceputul emisiunii &#8216;Tezaur Folcloric&#8217;. \u201eMul\u021bi m-au criticat: De ce-a pus amazoana aia \u00een generic?\u201d"},"content":{"rendered":"<p>Una dintre cele mai \u00eendr\u0103gite \u0219i de lung\u0103 durat\u0103 emisiuni din Rom\u00e2nia, \u201eTezaur folcloric\u201d, aduce bucurie \u00een casele oamenilor de peste 40 de ani. Totu\u0219i, pu\u021bini cunosc identitatea femeii c\u0103lare pe cal care apare pe genericul emisiunii. Prima \u00eencercare de a realiza celebra emisiune \u201eTezaur Folcloric\u201d a avut loc \u00een 1978, \u00eens\u0103 abia \u00een 1982 a fost integrat\u0103 \u00eentr-un program fix al televiziunii.<\/p>\n<p>Pu\u021bini \u0219tiu \u00eens\u0103 c\u0103, la acea vreme, realizatoarea emisiunii a fost criticat\u0103 pentru alegerea unei \u201eamazoane\u201d c\u0103lare drept genericul care s\u0103 ruleze la \u00eenceputul fiec\u0103rei edi\u021bii<\/p>\n<p>.\u201dAm decis s\u0103 aleg imaginile acelea, de\u0219i am fost aspru criticat\u0103!\u201d, a m\u0103rurisit Marioara Mur\u0103rescu, realizatoarea emisiunii. Imaginile fuseser\u0103 filmate la Gorovi\u021ba, \u00een zona Mehedin\u021bi.<\/p>\n<p><a title=\"Grigore Lese, transportat de urgenta cu ambulanta la spital. Ce s-a intamplat cu indragitul artist popular\" href=\"https:\/\/www.realitatea.net\/stiri\/actual\/grigore-lese-transportat-de-urgenta-cu-ambulanta-la-spital-ce-sa-intamplat-cu-indragitul-artist-popular_67881c55f2c7e20f24202c39\">Grigore Le\u0219e, transportat de urgen\u021b\u0103 cu ambulan\u021ba la spital. Ce s-a \u00eent\u00e2mplat cu \u00eendr\u0103gitul artist popular<\/a><\/p>\n<p>\u201dAm f\u0103cut ni\u0219te film\u0103ri \u00een Mehedin\u021bi, o zon\u0103 cu totul special\u0103. Pu\u021bin\u0103 lume \u0219tie c\u0103 \u00een acea zon\u0103 de munte \u0219i femeile umbl\u0103 c\u0103l\u0103re. Mul\u021bi m-au criticat: \u00abDe ce-a pus amazoana aia \u00een generic?\u00bb Ei, dar eu am r\u0103mas cu amazoana mea! La film\u0103ri, multe interprete mergeau, conform obiceiurilor zonei, c\u0103l\u0103re\u201d.\u00a0Femeia c\u0103lare era nimeni alta dec\u00e2t\u00a0Mariana Dr\u0103gu\u021b, interpret\u0103 de muzic\u0103 popular\u0103, c\u00e2\u0219tig\u0103toare a \u201dFestivalului Maria T\u0103nase\u201d.<\/p>\n<p>Din p\u0103cate, soarta ei a fost una nemiloas\u0103. Femeia a pierdut lupta cu cancerul la nici 40 de ani. Melodia care \u00eenso\u021be\u0219te genericul emisiunii \u00eei apar\u021bine talentatului taragotist Dumitru F\u0103rca\u0219.<\/p>\n<p>Marioara Mur\u0103rescu, recunoscut\u0103 ca una dintre cele mai valoroase realizatoare TV, a plecat dintre noi la doar 66 de ani, \u00een anul 2014, tot din cauza cancerului. A\u0219a cum a dorit, a fost \u00eenmorm\u00e2ntat\u0103 la m\u0103n\u0103stirea Cernica.<\/p>\n<p><a title=\"Acum s-a aflat ADEVARUL: de ce a murit Marin Cornea, de fapt? O colega de breasla rupe tacerea despre durerile artistului\" href=\"https:\/\/www.realitatea.net\/stiri\/actual\/acum-sa-aflat-adevarul-de-ce-a-murit-marin-cornea-de-fapt-o-colega-de-breasla-rupe-tacerea-despre-durerile-artistului_678f550f3e8f3b4d707be400\">Acum s-a aflat ADEV\u0102RUL: de ce a murit M\u0103rin Cornea, de fapt? O coleg\u0103 de breasl\u0103 rupe t\u0103cerea despre durerile artistului<\/a><\/p>","protected":false},"excerpt":{"rendered":"<p>Una dintre cele mai \u00eendr\u0103gite \u0219i de lung\u0103 durat\u0103 emisiuni din Rom\u00e2nia, \u201eTezaur folcloric\u201d, aduce&hellip;<\/p>\n","protected":false},"author":0,"featured_media":30622,"comment_status":"open","ping_status":"open","sticky":false,"template":"","format":"standard","meta":{"footnotes":""},"categories":[2],"tags":[],"class_list":["post-30631","post","type-post","status-publish","format-standard","has-post-thumbnail","hentry","category-actual"],"_links":{"self":[{"href":"https:\/\/247stiri.ro\/index.php\/wp-json\/wp\/v2\/posts\/30631","targetHints":{"allow":["GET"]}}],"collection":[{"href":"https:\/\/247stiri.ro\/index.php\/wp-json\/wp\/v2\/posts"}],"about":[{"href":"https:\/\/247stiri.ro\/index.php\/wp-json\/wp\/v2\/types\/post"}],"replies":[{"embeddable":true,"href":"https:\/\/247stiri.ro\/index.php\/wp-json\/wp\/v2\/comments?post=30631"}],"version-history":[{"count":0,"href":"https:\/\/247stiri.ro\/index.php\/wp-json\/wp\/v2\/posts\/30631\/revisions"}],"wp:featuredmedia":[{"embeddable":true,"href":"https:\/\/247stiri.ro\/index.php\/wp-json\/wp\/v2\/media\/30622"}],"wp:attachment":[{"href":"https:\/\/247stiri.ro\/index.php\/wp-json\/wp\/v2\/media?parent=30631"}],"wp:term":[{"taxonomy":"category","embeddable":true,"href":"https:\/\/247stiri.ro\/index.php\/wp-json\/wp\/v2\/categories?post=30631"},{"taxonomy":"post_tag","embeddable":true,"href":"https:\/\/247stiri.ro\/index.php\/wp-json\/wp\/v2\/tags?post=30631"}],"curies":[{"name":"wp","href":"https:\/\/api.w.org\/{rel}","templated":true}]}}