{"id":30634,"date":"2025-02-10T19:51:14","date_gmt":"2025-02-10T19:51:14","guid":{"rendered":"https:\/\/247stiri.ro\/index.php\/2025\/02\/10\/sedinta-de-plen-unde-urma-sa-fie-dezbatuta-suspendarea-lui-iohannis-a-fost-anulata\/"},"modified":"2025-02-10T19:51:14","modified_gmt":"2025-02-10T19:51:14","slug":"sedinta-de-plen-unde-urma-sa-fie-dezbatuta-suspendarea-lui-iohannis-a-fost-anulata","status":"publish","type":"post","link":"https:\/\/247stiri.ro\/index.php\/2025\/02\/10\/sedinta-de-plen-unde-urma-sa-fie-dezbatuta-suspendarea-lui-iohannis-a-fost-anulata\/","title":{"rendered":"\u0218edin\u021ba de plen unde urma s\u0103 fie dezb\u0103tut\u0103 suspendarea lui Iohannis a fost anulat\u0103"},"content":{"rendered":"<p>Birourile permanente reunite ale Senatului \u0219i Camerei Deputa\u021bilor au decis luni anularea \u0219edin\u021bei de plen comun de mar\u021bi, de la ora 10:00, \u00een care urma s\u0103 se discute solicitarea de suspendare a \u0219efului statului.<\/p>\n<p>Decizia conducerii Parlamentului a venit dup\u0103 ce Klaus Iohannis a anun\u021bat c\u0103 demisioneaz\u0103.<\/p>\n<p>Iohannis a precizat c\u0103 va pleca de la Palatul Cotroceni pe data de 12 februarie.<\/p>\n<p>&#8216;Pentru a scuti Rom\u00e2nia \u0219i pe cet\u0103\u021benii rom\u00e2ni de aceast\u0103 criz\u0103, de aceast\u0103 evolu\u021bie inutil\u0103 \u0219i negativ\u0103, demisionez din func\u021bia de pre\u0219edinte al Rom\u00e2niei. Voi pleca din func\u021bie poim\u00e2ine, pe 12 februarie. Dumnezeu s\u0103 binecuv\u00e2nteze Rom\u00e2nia&#8217;, a spus Klaus Iohannis \u00eentr-o declara\u021bie sus\u021binut\u0103 la Palatul Cotroceni.\u00a0<\/p>\n<p><a title=\"Demisia lui Iohannis a ajuns in Parlament. Ce contine documentul oficial, obtinut in exclusivitate de Realitatea Plus\" href=\"https:\/\/www.realitatea.net\/stiri\/actual\/demisia-lui-iohannis-a-ajuns-in-parlament-ce-contine-documentul-oficial-obtinut-in-exclusivitate-de-realitatea-plus_67aa1f779323a06e76789012\">Demisia lui Iohannis a ajuns \u00een Parlament. Ce con\u021bine documentul oficial, ob\u021binut \u00een exclusivitate de Realitatea Plus<\/a><\/p>","protected":false},"excerpt":{"rendered":"<p>Birourile permanente reunite ale Senatului \u0219i Camerei Deputa\u021bilor au decis luni anularea \u0219edin\u021bei de plen&hellip;<\/p>\n","protected":false},"author":0,"featured_media":30628,"comment_status":"open","ping_status":"open","sticky":false,"template":"","format":"standard","meta":{"footnotes":""},"categories":[2],"tags":[],"class_list":["post-30634","post","type-post","status-publish","format-standard","has-post-thumbnail","hentry","category-actual"],"_links":{"self":[{"href":"https:\/\/247stiri.ro\/index.php\/wp-json\/wp\/v2\/posts\/30634","targetHints":{"allow":["GET"]}}],"collection":[{"href":"https:\/\/247stiri.ro\/index.php\/wp-json\/wp\/v2\/posts"}],"about":[{"href":"https:\/\/247stiri.ro\/index.php\/wp-json\/wp\/v2\/types\/post"}],"replies":[{"embeddable":true,"href":"https:\/\/247stiri.ro\/index.php\/wp-json\/wp\/v2\/comments?post=30634"}],"version-history":[{"count":0,"href":"https:\/\/247stiri.ro\/index.php\/wp-json\/wp\/v2\/posts\/30634\/revisions"}],"wp:featuredmedia":[{"embeddable":true,"href":"https:\/\/247stiri.ro\/index.php\/wp-json\/wp\/v2\/media\/30628"}],"wp:attachment":[{"href":"https:\/\/247stiri.ro\/index.php\/wp-json\/wp\/v2\/media?parent=30634"}],"wp:term":[{"taxonomy":"category","embeddable":true,"href":"https:\/\/247stiri.ro\/index.php\/wp-json\/wp\/v2\/categories?post=30634"},{"taxonomy":"post_tag","embeddable":true,"href":"https:\/\/247stiri.ro\/index.php\/wp-json\/wp\/v2\/tags?post=30634"}],"curies":[{"name":"wp","href":"https:\/\/api.w.org\/{rel}","templated":true}]}}