{"id":30635,"date":"2025-02-10T19:51:14","date_gmt":"2025-02-10T19:51:14","guid":{"rendered":"https:\/\/247stiri.ro\/index.php\/2025\/02\/10\/ultimul-hop-pentru-demisia-lui-iohannis-ccr-a-primit-cererea-pentru-a-constata-vacanta-functiei-de-presedinte-al-romaniei\/"},"modified":"2025-02-10T19:51:14","modified_gmt":"2025-02-10T19:51:14","slug":"ultimul-hop-pentru-demisia-lui-iohannis-ccr-a-primit-cererea-pentru-a-constata-vacanta-functiei-de-presedinte-al-romaniei","status":"publish","type":"post","link":"https:\/\/247stiri.ro\/index.php\/2025\/02\/10\/ultimul-hop-pentru-demisia-lui-iohannis-ccr-a-primit-cererea-pentru-a-constata-vacanta-functiei-de-presedinte-al-romaniei\/","title":{"rendered":"Ultimul hop pentru demisia lui Iohannis: CCR a primit cererea pentru a constata vacan\u021ba func\u021biei de pre\u0219edinte al Rom\u00e2niei"},"content":{"rendered":"<p>&#8221;Curtea Constitu\u021bional\u0103 a primit cererea pentru a constata vacan\u021ba func\u021biei \u0219i existen\u021ba \u00eemprejur\u0103rilor care justific\u0103 interimatul \u00een exercitarea func\u021biei de pre\u0219edinte al Rom\u00e2niei&#8221;, au precizat oficiali ai CCR.Klaus Iohannis \u0219i-a anun\u021bat, luni, demisia din func\u021bia de pre\u0219edinte al Rom\u00e2niei. El a men\u021bionat c\u0103 va pleca de la Palatul Cotroceni pe data de 12 februarie.Iohannis a precizat c\u0103 decizia vine \u00een contextul \u00een care \u00een Parlament s-a pus \u00een mi\u0219care procedura de suspendare a sa din func\u021bie.<\/p>\n<p><a title=\"Demisia lui Iohannis a ajuns in Parlament. Ce contine documentul oficial, obtinut in exclusivitate de Realitatea Plus\" href=\"https:\/\/www.realitatea.net\/stiri\/actual\/demisia-lui-iohannis-a-ajuns-in-parlament-ce-contine-documentul-oficial-obtinut-in-exclusivitate-de-realitatea-plus_67aa1f779323a06e76789012\">Demisia lui Iohannis a ajuns \u00een Parlament. Ce con\u021bine documentul oficial, ob\u021binut \u00een exclusivitate de Realitatea Plus<\/a><\/p>","protected":false},"excerpt":{"rendered":"<p>&#8221;Curtea Constitu\u021bional\u0103 a primit cererea pentru a constata vacan\u021ba func\u021biei \u0219i existen\u021ba \u00eemprejur\u0103rilor care justific\u0103&hellip;<\/p>\n","protected":false},"author":0,"featured_media":30630,"comment_status":"open","ping_status":"open","sticky":false,"template":"","format":"standard","meta":{"footnotes":""},"categories":[2],"tags":[],"class_list":["post-30635","post","type-post","status-publish","format-standard","has-post-thumbnail","hentry","category-actual"],"_links":{"self":[{"href":"https:\/\/247stiri.ro\/index.php\/wp-json\/wp\/v2\/posts\/30635","targetHints":{"allow":["GET"]}}],"collection":[{"href":"https:\/\/247stiri.ro\/index.php\/wp-json\/wp\/v2\/posts"}],"about":[{"href":"https:\/\/247stiri.ro\/index.php\/wp-json\/wp\/v2\/types\/post"}],"replies":[{"embeddable":true,"href":"https:\/\/247stiri.ro\/index.php\/wp-json\/wp\/v2\/comments?post=30635"}],"version-history":[{"count":0,"href":"https:\/\/247stiri.ro\/index.php\/wp-json\/wp\/v2\/posts\/30635\/revisions"}],"wp:featuredmedia":[{"embeddable":true,"href":"https:\/\/247stiri.ro\/index.php\/wp-json\/wp\/v2\/media\/30630"}],"wp:attachment":[{"href":"https:\/\/247stiri.ro\/index.php\/wp-json\/wp\/v2\/media?parent=30635"}],"wp:term":[{"taxonomy":"category","embeddable":true,"href":"https:\/\/247stiri.ro\/index.php\/wp-json\/wp\/v2\/categories?post=30635"},{"taxonomy":"post_tag","embeddable":true,"href":"https:\/\/247stiri.ro\/index.php\/wp-json\/wp\/v2\/tags?post=30635"}],"curies":[{"name":"wp","href":"https:\/\/api.w.org\/{rel}","templated":true}]}}