{"id":30640,"date":"2025-02-10T20:46:14","date_gmt":"2025-02-10T20:46:14","guid":{"rendered":"https:\/\/247stiri.ro\/index.php\/2025\/02\/10\/partidul-care-ar-putea-pune-umarul-la-inlaturarea-guvernului-ciolacu-si-a-depasit-rezerva-de-zbor\/"},"modified":"2025-02-10T20:46:14","modified_gmt":"2025-02-10T20:46:14","slug":"partidul-care-ar-putea-pune-umarul-la-inlaturarea-guvernului-ciolacu-si-a-depasit-rezerva-de-zbor","status":"publish","type":"post","link":"https:\/\/247stiri.ro\/index.php\/2025\/02\/10\/partidul-care-ar-putea-pune-umarul-la-inlaturarea-guvernului-ciolacu-si-a-depasit-rezerva-de-zbor\/","title":{"rendered":"Partidul care ar putea pune um\u0103rul la \u00eenl\u0103turarea guvernului Ciolacu. \u201e\u0218i-a dep\u0103\u0219it rezerva de zbor\u201d"},"content":{"rendered":"<p>Preciz\u0103rile au fost f\u0103cute dup\u0103 ce Ionu\u021b Mo\u0219teanu a fost \u00eentrebat dac\u0103 USR ar sus\u021bine o mo\u021biune de cenzur\u0103 \u00eempotriva Guvernului Ciolacu, ini\u021biat\u0103 de partidele suveraniste.<\/p>\n<p>&#8216;Haide\u021bi s\u0103 vedem mo\u021biunea de cenzur\u0103, haide\u021bi s\u0103 o vedem depus\u0103 \u00een Parlament. Dac\u0103 vor s\u0103 o depun\u0103, nu au nevoie de semn\u0103turile noastre. Au semn\u0103turile necesare pentru depunerea mo\u021biunii de cenzur\u0103. (&#8230;) Eu cred c\u0103 Ciolacu e dep\u0103\u0219it. Cum se spune la avioane, c\u0103 tot \u00eei plac d\u00e2nsului avioanele, \u0219i-a dep\u0103\u0219it rezerva de zbor. Cred c\u0103 e dep\u0103\u0219it. T\u00e2r\u0103\u0219te un scandal public pe care nu l-a clarificat, acel scandal Nordis. Cred c\u0103 este un premier slab, care a dus bugetul Rom\u00e2niei \u00een gard \u00een anii trecu\u021bi \u0219i nu mai are credibilitate ca s\u0103 ne scoat\u0103 din criza asta&#8217;, a spus Mo\u0219teanu, \u00een cadrul unei conferin\u021be de pres\u0103.<\/p>\n<p>El a men\u021bionat c\u0103 USR va sus\u021bine o mo\u021biune de cenzur\u0103 doar \u00een momentul \u00een care se va cunoa\u0219te cu certitudine viitoarea majoritate parlamentar\u0103 care se va forma dup\u0103 c\u0103derea Guvernului.<\/p>\n<p><a title=\"George Simion, mutare bomba dupa plecarea lui Iohannis: Motiune de cenzura impotriva guvernului Ciolacu\" href=\"https:\/\/www.realitatea.net\/stiri\/actual\/george-simion-prima-reactie-a-lui-dupa-plecarea-lui-klaus-iohannis-miscarea-bomba-pe-care-io-pregateste-lui-ciolacu_67aa39b7d131df1a66647322\">George Simion, mutare bomb\u0103 dup\u0103 plecarea lui Iohannis: Mo\u021biune de cenzur\u0103 \u00eempotriva guvernului Ciolacu<\/a><\/p>\n<p>&#8216;Rom\u00e2nia trebuie guvernat\u0103 \u0219i vom vota pentru a da jos un guvern \u00een momentul \u00een care este foarte clar ce guvern \u0219i ce majoritate se formeaz\u0103 \u0219i ce guvern se poate pune \u00een loc. Suntem oameni politici responsabili \u0219i nu ne juc\u0103m de-a politica. \u00cen momentul \u00een care lucrurile vor fi clare, s\u0103 zicem: \u00eel d\u0103m jos pe Ciolacu, dar se formeaz\u0103 o guvernare responsabil\u0103, pro-democratic\u0103, cu un premier care s\u0103 ne redea speran\u021ba c\u0103 poate pune Rom\u00e2nia pe calea corect\u0103 \u0219i bugetul Rom\u00e2niei pe drumul corect. Atunci, de ce nu?&#8217;, a afirmat Mo\u0219teanu, citat de Agerpres.<\/p>\n<p>Pe de alt\u0103 parte, el a apreciat c\u0103 &#8216;jocul politic se va reseta&#8217; dup\u0103 alegerile preziden\u021biale.<\/p>\n<p>&#8216;Eu cred c\u0103 jocul politic se va reseta dup\u0103 preziden\u021biale, chiar cred c\u0103 se vor schimba multe&#8217;, a mai spus el.\u00a0<\/p>\n<p><a title=\"Demisia lui Iohannis a ajuns in Parlament. Ce contine documentul oficial, obtinut in exclusivitate de Realitatea Plus\" href=\"https:\/\/www.realitatea.net\/stiri\/actual\/demisia-lui-iohannis-a-ajuns-in-parlament-ce-contine-documentul-oficial-obtinut-in-exclusivitate-de-realitatea-plus_67aa1f779323a06e76789012\">Demisia lui Iohannis a ajuns \u00een Parlament. Ce con\u021bine documentul oficial, ob\u021binut \u00een exclusivitate de Realitatea Plus<\/a><\/p>","protected":false},"excerpt":{"rendered":"<p>Preciz\u0103rile au fost f\u0103cute dup\u0103 ce Ionu\u021b Mo\u0219teanu a fost \u00eentrebat dac\u0103 USR ar sus\u021bine&hellip;<\/p>\n","protected":false},"author":0,"featured_media":30639,"comment_status":"open","ping_status":"open","sticky":false,"template":"","format":"standard","meta":{"footnotes":""},"categories":[2],"tags":[],"class_list":["post-30640","post","type-post","status-publish","format-standard","has-post-thumbnail","hentry","category-actual"],"_links":{"self":[{"href":"https:\/\/247stiri.ro\/index.php\/wp-json\/wp\/v2\/posts\/30640","targetHints":{"allow":["GET"]}}],"collection":[{"href":"https:\/\/247stiri.ro\/index.php\/wp-json\/wp\/v2\/posts"}],"about":[{"href":"https:\/\/247stiri.ro\/index.php\/wp-json\/wp\/v2\/types\/post"}],"replies":[{"embeddable":true,"href":"https:\/\/247stiri.ro\/index.php\/wp-json\/wp\/v2\/comments?post=30640"}],"version-history":[{"count":0,"href":"https:\/\/247stiri.ro\/index.php\/wp-json\/wp\/v2\/posts\/30640\/revisions"}],"wp:featuredmedia":[{"embeddable":true,"href":"https:\/\/247stiri.ro\/index.php\/wp-json\/wp\/v2\/media\/30639"}],"wp:attachment":[{"href":"https:\/\/247stiri.ro\/index.php\/wp-json\/wp\/v2\/media?parent=30640"}],"wp:term":[{"taxonomy":"category","embeddable":true,"href":"https:\/\/247stiri.ro\/index.php\/wp-json\/wp\/v2\/categories?post=30640"},{"taxonomy":"post_tag","embeddable":true,"href":"https:\/\/247stiri.ro\/index.php\/wp-json\/wp\/v2\/tags?post=30640"}],"curies":[{"name":"wp","href":"https:\/\/api.w.org\/{rel}","templated":true}]}}