{"id":30672,"date":"2025-02-11T05:45:14","date_gmt":"2025-02-11T05:45:14","guid":{"rendered":"https:\/\/247stiri.ro\/index.php\/2025\/02\/11\/tanara-ucisa-cu-sange-rece-de-concubinul-ucrainean-in-capitala-barbatul-a-incercat-sa-se-sinucida-aruncandu-se-in-fata-metroului\/"},"modified":"2025-02-11T05:45:14","modified_gmt":"2025-02-11T05:45:14","slug":"tanara-ucisa-cu-sange-rece-de-concubinul-ucrainean-in-capitala-barbatul-a-incercat-sa-se-sinucida-aruncandu-se-in-fata-metroului","status":"publish","type":"post","link":"https:\/\/247stiri.ro\/index.php\/2025\/02\/11\/tanara-ucisa-cu-sange-rece-de-concubinul-ucrainean-in-capitala-barbatul-a-incercat-sa-se-sinucida-aruncandu-se-in-fata-metroului\/","title":{"rendered":"T\u00e2n\u0103r\u0103 UCIS\u0102 cu s\u00e2nge rece de concubinul ucrainean, \u00een Capital\u0103. B\u0103rbatul a \u00eencercat s\u0103 se SINUCID\u0102 arunc\u00e2ndu-se \u00een fa\u021ba metroului"},"content":{"rendered":"<p>Crim\u0103 \u00een Sectorul 3 din Capital\u0103. O t\u00e2n\u0103r\u0103 \u00een v\u00e2rst\u0103 de 27 de ani a fost ucis\u0103 de concubinul s\u0103u. Cea care a dat alarma este chiar mama fetei, cet\u0103\u021bean ucrainean, relateaz\u0103 Realitatea PLUS.<\/p>\n<p>Poli\u021bi\u0219tii care s-au deplasat la locuin\u021ba tinerei, au g\u0103sit-o pe aceasta \u00een stare de incon\u0219tien\u021b\u0103, prezent\u00e2nd urme de violen\u021b\u0103 pe corp. Ulterior, echipajul medical ajuns la fa\u021ba locului a constatat decesul.\u00a0<\/p>\n<p>Din informa\u021biile existente, autorul cumplitei fapte este concubinul victimei, un b\u0103rbat de origine ucrainean\u0103, care locuia \u00eempreun\u0103 cu aceasta.\u00a0<\/p>\n<p>Dup\u0103 crim\u0103, acesta a \u00eencercat s\u0103 se sinucid\u0103, arunc\u00e2ndu-se \u00een fa\u021ba unui metrou, \u00een sta\u021bia Parc Drumul Taberei.\u00a0<\/p>\n<p>\u00cen prezent, el este internat la Spitalul Universitar de Urgen\u021b\u0103 Bucure\u0219ti, \u00een com\u0103.<\/p>","protected":false},"excerpt":{"rendered":"<p>Crim\u0103 \u00een Sectorul 3 din Capital\u0103. O t\u00e2n\u0103r\u0103 \u00een v\u00e2rst\u0103 de 27 de ani a&hellip;<\/p>\n","protected":false},"author":0,"featured_media":30673,"comment_status":"open","ping_status":"open","sticky":false,"template":"","format":"standard","meta":{"footnotes":""},"categories":[2],"tags":[],"class_list":["post-30672","post","type-post","status-publish","format-standard","has-post-thumbnail","hentry","category-actual"],"_links":{"self":[{"href":"https:\/\/247stiri.ro\/index.php\/wp-json\/wp\/v2\/posts\/30672","targetHints":{"allow":["GET"]}}],"collection":[{"href":"https:\/\/247stiri.ro\/index.php\/wp-json\/wp\/v2\/posts"}],"about":[{"href":"https:\/\/247stiri.ro\/index.php\/wp-json\/wp\/v2\/types\/post"}],"replies":[{"embeddable":true,"href":"https:\/\/247stiri.ro\/index.php\/wp-json\/wp\/v2\/comments?post=30672"}],"version-history":[{"count":0,"href":"https:\/\/247stiri.ro\/index.php\/wp-json\/wp\/v2\/posts\/30672\/revisions"}],"wp:featuredmedia":[{"embeddable":true,"href":"https:\/\/247stiri.ro\/index.php\/wp-json\/wp\/v2\/media\/30673"}],"wp:attachment":[{"href":"https:\/\/247stiri.ro\/index.php\/wp-json\/wp\/v2\/media?parent=30672"}],"wp:term":[{"taxonomy":"category","embeddable":true,"href":"https:\/\/247stiri.ro\/index.php\/wp-json\/wp\/v2\/categories?post=30672"},{"taxonomy":"post_tag","embeddable":true,"href":"https:\/\/247stiri.ro\/index.php\/wp-json\/wp\/v2\/tags?post=30672"}],"curies":[{"name":"wp","href":"https:\/\/api.w.org\/{rel}","templated":true}]}}