{"id":30711,"date":"2025-02-11T07:44:59","date_gmt":"2025-02-11T07:44:59","guid":{"rendered":"https:\/\/247stiri.ro\/index.php\/2025\/02\/11\/avarie-majora-la-sistemul-de-termoficare-din-ploiesti-peste-100-000-de-consumatori-inclusiv-institutii-publice-si-spitale-afectate\/"},"modified":"2025-02-11T07:44:59","modified_gmt":"2025-02-11T07:44:59","slug":"avarie-majora-la-sistemul-de-termoficare-din-ploiesti-peste-100-000-de-consumatori-inclusiv-institutii-publice-si-spitale-afectate","status":"publish","type":"post","link":"https:\/\/247stiri.ro\/index.php\/2025\/02\/11\/avarie-majora-la-sistemul-de-termoficare-din-ploiesti-peste-100-000-de-consumatori-inclusiv-institutii-publice-si-spitale-afectate\/","title":{"rendered":"AVARIE MAJOR\u0102 la sistemul de termoficare din Ploie\u0219ti! Peste 100.000 de consumatori, inclusiv institu\u021bii publice \u0219i spitale, afectate"},"content":{"rendered":"<p>Primarul ora\u0219ului Ploie\u0219ti, Mihai Poli\u021beanu, a anun\u021bat c\u0103 s-a spart cazanul 5 de la Termo Ploie\u0219ti, practic principala structur\u0103 care produce agentul termic livrat \u00een sistem centralizat, situa\u021bia gener\u00e2nd o sc\u0103dere a parametrilor pentru ap\u0103 cald\u0103 \u0219i c\u0103ldur\u0103.<\/p>\n<p><a href=\"https:\/\/www.realitatea.net\/stiri\/vremea\/prognoza-meteo-pe-o-luna-romania-traversata-de-un-nou-val-de-caldura-temperaturi-nefiresti-cum-va-fi-vremea-pana-pe-10-martie_67aae9fd12e82457705e7f92#google_vignette\" target=\"_blank\">Prognoza meteo pe o lun\u0103: Rom\u00e2nia, traversat\u0103 de un nou val de c\u0103ldur\u0103 &#8211; temperaturi nefire\u0219ti. Cum va fi vremea p\u00e2n\u0103 pe 10 martie<\/a><\/p>\n<p>&#8222;\u00cen jurul orei 4:00 diminea\u021ba, la Termo Ploie\u0219ti a avut loc o situa\u021bie de &#8216;declan\u0219are major\u0103&#8217;. Cazanul 5 s-a spart \u0219i a fost oprit. A fost pornit de urgen\u021b\u0103 cazanul 2, dar parametrii vor fi mai mici cu 15-20%. De la 4:00 diminea\u021ba se lucreaz\u0103 la cazanul 5, speciali\u0219tii estimeaz\u0103 c\u0103 dureaz\u0103 3 zile p\u00e2n\u0103 la remedierea situa\u021biei. Acest incident arat\u0103 din nou necesitatea retehnologiz\u0103rii CET Brazi, unde se lucreaz\u0103 cu tehnologie din anii &#8217;60. Achizi\u021bia de motoare noi, pe care am declan\u0219at-o deja, este urgen\u021b\u0103 absolut\u0103'&#8221;, a transmis edilul, \u00eentr-o postare pe Facebook.\u00a0<\/p>","protected":false},"excerpt":{"rendered":"<p>Primarul ora\u0219ului Ploie\u0219ti, Mihai Poli\u021beanu, a anun\u021bat c\u0103 s-a spart cazanul 5 de la Termo&hellip;<\/p>\n","protected":false},"author":0,"featured_media":30712,"comment_status":"open","ping_status":"open","sticky":false,"template":"","format":"standard","meta":{"footnotes":""},"categories":[2],"tags":[],"class_list":["post-30711","post","type-post","status-publish","format-standard","has-post-thumbnail","hentry","category-actual"],"_links":{"self":[{"href":"https:\/\/247stiri.ro\/index.php\/wp-json\/wp\/v2\/posts\/30711","targetHints":{"allow":["GET"]}}],"collection":[{"href":"https:\/\/247stiri.ro\/index.php\/wp-json\/wp\/v2\/posts"}],"about":[{"href":"https:\/\/247stiri.ro\/index.php\/wp-json\/wp\/v2\/types\/post"}],"replies":[{"embeddable":true,"href":"https:\/\/247stiri.ro\/index.php\/wp-json\/wp\/v2\/comments?post=30711"}],"version-history":[{"count":0,"href":"https:\/\/247stiri.ro\/index.php\/wp-json\/wp\/v2\/posts\/30711\/revisions"}],"wp:featuredmedia":[{"embeddable":true,"href":"https:\/\/247stiri.ro\/index.php\/wp-json\/wp\/v2\/media\/30712"}],"wp:attachment":[{"href":"https:\/\/247stiri.ro\/index.php\/wp-json\/wp\/v2\/media?parent=30711"}],"wp:term":[{"taxonomy":"category","embeddable":true,"href":"https:\/\/247stiri.ro\/index.php\/wp-json\/wp\/v2\/categories?post=30711"},{"taxonomy":"post_tag","embeddable":true,"href":"https:\/\/247stiri.ro\/index.php\/wp-json\/wp\/v2\/tags?post=30711"}],"curies":[{"name":"wp","href":"https:\/\/api.w.org\/{rel}","templated":true}]}}