{"id":30723,"date":"2025-02-11T08:46:01","date_gmt":"2025-02-11T08:46:01","guid":{"rendered":"https:\/\/247stiri.ro\/index.php\/2025\/02\/11\/cand-discuta-curtea-constitutionala-interimatul-la-functia-de-presedinte-dupa-demisia-lui-iohannis\/"},"modified":"2025-02-11T08:46:01","modified_gmt":"2025-02-11T08:46:01","slug":"cand-discuta-curtea-constitutionala-interimatul-la-functia-de-presedinte-dupa-demisia-lui-iohannis","status":"publish","type":"post","link":"https:\/\/247stiri.ro\/index.php\/2025\/02\/11\/cand-discuta-curtea-constitutionala-interimatul-la-functia-de-presedinte-dupa-demisia-lui-iohannis\/","title":{"rendered":"C\u00e2nd discut\u0103 Curtea Constitu\u021bional\u0103 interimatul la func\u021bia de pre\u0219edinte, dup\u0103 demisia lui Iohannis"},"content":{"rendered":"<p>Klaus Iohannis \u0219i-a anun\u021bat, luni, demisia din func\u021bia de pre\u0219edinte al Rom\u00e2niei. El a men\u021bionat c\u0103 va pleca de la Palatul Cotroceni pe data de 12 februarie.<\/p>\n<p><a href=\"https:\/\/www.realitatea.net\/stiri\/politica\/klaus-iohannis-declaratii-bomba-in-scurt-timp-isi-anunta-demisia-live-text-si-video_67a9e76d6a621d52ed2e8e82\" target=\"_blank\">Klaus Iohannis: DEMISIONEZ din func\u021bia de pre\u0219edinte al Rom\u00e2niei. Ce rost are suspendarea? Vom fi de r\u00e2sul lumii. Dumnezeu s\u0103 binecuv\u00e2nteze Rom\u00e2nia!\u00a0<\/a><\/p>\n<p>Constatarea existen\u021bei \u00eemprejur\u0103rilor care justific\u0103 interimatul \u00een exercitarea func\u021biei de pre\u0219edinte este prev\u0103zut\u0103 \u00een Legea 47\/1992 privind organizarea \u0219i func\u021bionarea Cur\u021bii Constitu\u021bionale.<\/p>\n<p>Astfel, art. 44 prevede:<\/p>\n<p>(1) Curtea Constitu\u021bional\u0103 constat\u0103 existen\u021ba \u00eemprejur\u0103rilor care justific\u0103 interimatul \u00een exercitarea func\u021biei de pre\u0219edinte al Rom\u00e2niei \u0219i comunic\u0103 cele constatate Parlamentului \u0219i Guvernului<\/p>\n<p>(2) Vacan\u021ba func\u021biei de pre\u0219edinte al Rom\u00e2niei se constat\u0103 la cererea pre\u0219edintelui uneia dintre Camerele Parlamentului sau a pre\u0219edintelui interimar care exercit\u0103 atribu\u021biile pre\u0219edintelui Rom\u00e2niei \u00een perioada c\u00e2t acesta este suspendat din func\u021bie<\/p>\n<p>(3) \u00cen cazul \u00een care pre\u0219edintele Rom\u00e2niei a fost suspendat din func\u021bie, cererea pentru constatarea existen\u021bei \u00eemprejur\u0103rilor care justific\u0103 interimatul se face de pre\u0219edintele care a condus lucr\u0103rile \u0219edin\u021bei comune a celor dou\u0103 Camere ale Parlamentului, pe baza hot\u0103r\u00e2rii adoptate \u00een \u0219edin\u021ba comun\u0103<\/p>\n<p>(4) Dac\u0103 interimatul func\u021biei de pre\u0219edinte al Rom\u00e2niei se datoreaz\u0103 imposibilit\u0103\u021bii temporare de a-\u0219i exercit\u0103 atribu\u021biile, cererea se face de pre\u0219edintele Rom\u00e2niei sau de pre\u0219edintele uneia dintre Camerele Parlamentului.<\/p>\n<p>De asemenea, la articolul 45 se stipuleaz\u0103: &#8222;Cererea pentru constatarea existen\u021bei \u00eemprejur\u0103rilor care justific\u0103 interimatul func\u021biei de pre\u0219edinte al Rom\u00e2niei va fi \u00eenso\u021bit\u0103 de dovezile necesare, iar constatarea acestor \u00eemprejur\u0103ri se face de Curtea Constitu\u021bional\u0103, cu votul majorit\u0103\u021bii judec\u0103torilor&#8221;.<\/p>\n<p>\u00a0<\/p>","protected":false},"excerpt":{"rendered":"<p>Klaus Iohannis \u0219i-a anun\u021bat, luni, demisia din func\u021bia de pre\u0219edinte al Rom\u00e2niei. El a men\u021bionat&hellip;<\/p>\n","protected":false},"author":0,"featured_media":30724,"comment_status":"open","ping_status":"open","sticky":false,"template":"","format":"standard","meta":{"footnotes":""},"categories":[3],"tags":[],"class_list":["post-30723","post","type-post","status-publish","format-standard","has-post-thumbnail","hentry","category-politica"],"_links":{"self":[{"href":"https:\/\/247stiri.ro\/index.php\/wp-json\/wp\/v2\/posts\/30723","targetHints":{"allow":["GET"]}}],"collection":[{"href":"https:\/\/247stiri.ro\/index.php\/wp-json\/wp\/v2\/posts"}],"about":[{"href":"https:\/\/247stiri.ro\/index.php\/wp-json\/wp\/v2\/types\/post"}],"replies":[{"embeddable":true,"href":"https:\/\/247stiri.ro\/index.php\/wp-json\/wp\/v2\/comments?post=30723"}],"version-history":[{"count":0,"href":"https:\/\/247stiri.ro\/index.php\/wp-json\/wp\/v2\/posts\/30723\/revisions"}],"wp:featuredmedia":[{"embeddable":true,"href":"https:\/\/247stiri.ro\/index.php\/wp-json\/wp\/v2\/media\/30724"}],"wp:attachment":[{"href":"https:\/\/247stiri.ro\/index.php\/wp-json\/wp\/v2\/media?parent=30723"}],"wp:term":[{"taxonomy":"category","embeddable":true,"href":"https:\/\/247stiri.ro\/index.php\/wp-json\/wp\/v2\/categories?post=30723"},{"taxonomy":"post_tag","embeddable":true,"href":"https:\/\/247stiri.ro\/index.php\/wp-json\/wp\/v2\/tags?post=30723"}],"curies":[{"name":"wp","href":"https:\/\/api.w.org\/{rel}","templated":true}]}}