{"id":30725,"date":"2025-02-11T08:46:01","date_gmt":"2025-02-11T08:46:01","guid":{"rendered":"https:\/\/247stiri.ro\/index.php\/2025\/02\/11\/resetarea-jocului-pentru-cotroceni-se-poarta-negocieri-dure-dupa-demisia-lui-iohannis-ce-calcule-se-fac\/"},"modified":"2025-02-11T08:46:01","modified_gmt":"2025-02-11T08:46:01","slug":"resetarea-jocului-pentru-cotroceni-se-poarta-negocieri-dure-dupa-demisia-lui-iohannis-ce-calcule-se-fac","status":"publish","type":"post","link":"https:\/\/247stiri.ro\/index.php\/2025\/02\/11\/resetarea-jocului-pentru-cotroceni-se-poarta-negocieri-dure-dupa-demisia-lui-iohannis-ce-calcule-se-fac\/","title":{"rendered":"Resetarea jocului pentru Cotroceni. Se poart\u0103 NEGOCIERI dure dup\u0103 demisia lui Iohannis: ce calcule se fac"},"content":{"rendered":"<p>A fost blocat\u0103 activitatea din Senat pe totul parcursul acestei s\u0103pt\u0103m\u00e2ni tocmai \u00eentr-o \u00eencercare de a bloca ini\u021biativa anu\u021bat\u0103 de Opozi\u021bie, \u0219i anume de demitere a lui Ilie Bolojan. Cei din Opozi\u021bie spuneau c\u0103 str\u00e2ng semn\u0103turi pentru aceast\u0103 ini\u021biativ\u0103, ceea ce ar \u00eensemna ca interimatul la conducerea \u021b\u0103rii s\u0103 fie preluat de al treilea om \u00een stat, \u0219i anume de pre\u0219edintele Camerei Deputa\u021bilor.\u00a0<\/p>\n<p>\u00cen momentul de fa\u021b\u0103, conform Constitu\u021biei, cel care cel mai probabil va prelua acest interimat este Ilie Bolojan, fiind pre\u0219edintele Senatului.\u00a0<\/p>\n<p>Sunt discu\u021bii pe aceas\u0103 tem\u0103, inclusiv \u00een interiorul PNL, unde sunt tensiuni dup\u0103 acest anun\u021b, av\u00e2nd \u00een vedere c\u0103 &#8211; at\u00e2ta timp c\u00e2t vrea s\u0103 ajung\u0103 pre\u0219edinte interimar &#8211; Ilie Bolojan ar trebui s\u0103 renun\u021be la func\u021biile politice, inclusiv la cea de pre\u0219edinte interimar al liberalilor.<\/p>\n<p>Luni, dup\u0103 \u0219edin\u021ba PNL acesta spunea c\u0103 \u00ee\u0219i dore\u0219te doar s\u0103 se autosuspende din func\u021bie \u0219i s\u0103-\u0219i delege atribu\u021biile, deci nu se demisiioneze din partid, ceea ce \u00een mod normal nu este permis de Constitu\u021bie.\u00a0<\/p>\n<p>Tensiuni exist\u0103 \u0219i \u00een r\u00e2ndul Coali\u021biei pentru c\u0103 exist\u0103 suspiciuni c\u0103 Ilie Bolojan \u0219i-ar dori s\u0103 candideze la alegerile preziden\u021biale \u0219i s\u0103 ia locul candidatului comun al PSD-PNL-UDMR. \u00cen acest caz, \u0219i \u0219ocial-democra\u021bii ar fi for\u021ba\u021bi s\u0103 vin\u0103 \u0219i ei cu propriul candidat.\u00a0<\/p>","protected":false},"excerpt":{"rendered":"<p>A fost blocat\u0103 activitatea din Senat pe totul parcursul acestei s\u0103pt\u0103m\u00e2ni tocmai \u00eentr-o \u00eencercare de&hellip;<\/p>\n","protected":false},"author":0,"featured_media":30726,"comment_status":"open","ping_status":"open","sticky":false,"template":"","format":"standard","meta":{"footnotes":""},"categories":[3],"tags":[],"class_list":["post-30725","post","type-post","status-publish","format-standard","has-post-thumbnail","hentry","category-politica"],"_links":{"self":[{"href":"https:\/\/247stiri.ro\/index.php\/wp-json\/wp\/v2\/posts\/30725","targetHints":{"allow":["GET"]}}],"collection":[{"href":"https:\/\/247stiri.ro\/index.php\/wp-json\/wp\/v2\/posts"}],"about":[{"href":"https:\/\/247stiri.ro\/index.php\/wp-json\/wp\/v2\/types\/post"}],"replies":[{"embeddable":true,"href":"https:\/\/247stiri.ro\/index.php\/wp-json\/wp\/v2\/comments?post=30725"}],"version-history":[{"count":0,"href":"https:\/\/247stiri.ro\/index.php\/wp-json\/wp\/v2\/posts\/30725\/revisions"}],"wp:featuredmedia":[{"embeddable":true,"href":"https:\/\/247stiri.ro\/index.php\/wp-json\/wp\/v2\/media\/30726"}],"wp:attachment":[{"href":"https:\/\/247stiri.ro\/index.php\/wp-json\/wp\/v2\/media?parent=30725"}],"wp:term":[{"taxonomy":"category","embeddable":true,"href":"https:\/\/247stiri.ro\/index.php\/wp-json\/wp\/v2\/categories?post=30725"},{"taxonomy":"post_tag","embeddable":true,"href":"https:\/\/247stiri.ro\/index.php\/wp-json\/wp\/v2\/tags?post=30725"}],"curies":[{"name":"wp","href":"https:\/\/api.w.org\/{rel}","templated":true}]}}