{"id":30727,"date":"2025-02-11T08:46:02","date_gmt":"2025-02-11T08:46:02","guid":{"rendered":"https:\/\/247stiri.ro\/index.php\/2025\/02\/11\/manevra-lui-iohannis-adevaratul-motiv-pentru-care-i-a-decorat-pe-judecatorii-ccr-cum-vrea-sa-distraga-atentia-de-la-dezastru\/"},"modified":"2025-02-11T08:46:02","modified_gmt":"2025-02-11T08:46:02","slug":"manevra-lui-iohannis-adevaratul-motiv-pentru-care-i-a-decorat-pe-judecatorii-ccr-cum-vrea-sa-distraga-atentia-de-la-dezastru","status":"publish","type":"post","link":"https:\/\/247stiri.ro\/index.php\/2025\/02\/11\/manevra-lui-iohannis-adevaratul-motiv-pentru-care-i-a-decorat-pe-judecatorii-ccr-cum-vrea-sa-distraga-atentia-de-la-dezastru\/","title":{"rendered":"Manevra lui Iohannis. Adev\u0103ratul MOTIV pentru care i-a decorat pe judec\u0103torii CCR: cum vrea s\u0103 distrag\u0103 aten\u021bia de la DEZASTRU"},"content":{"rendered":"<p>Au fost foarte multe controverse legate de aceast\u0103 ultim\u0103 decizie a lui Klaus Iohannis \u00een calitate de pre\u0219edinte.<\/p>\n<p>Dac\u0103 ini\u021bial vorbeam despre o posibil\u0103 recompens\u0103 pe care Klaus Iohannis le-ar fi oferit-o celor trei judec\u0103tori ai Cur\u021bii Constitu\u021bionale a Rom\u00e2niei, sursele Realitatea PLUS spun \u00eens\u0103 c\u0103 planul s\u0103u a fost cu totul altul. Mai exact, nu a f\u0103cut altceva dec\u00e2t s\u0103 pun\u0103 \u021binte pe cei trei judec\u0103tori ai CCR \u0219i, \u00een acest fel, s\u0103 \u00eei indice ca fiind responsabili pentru anularea alegerilor.\u00a0<\/p>\n<p>Prin acest joc, Klaus Iohannis a dorit s\u0103 &#8222;se spele pe m\u00e2ini&#8221;, respectiv s\u0103 scape de responsabilitatea care \u00eei apar\u021bine. \u00cen propor\u021bie de 90%, a\u0219a cum au explicat sursele Realitatea PLUS, Iohannis este, de fapt, cel care coordonat aceast\u0103 lovitur\u0103 de stat dat\u0103 odat\u0103 cu anluarea turului doi al preziden\u021bialelor.\u00a0<\/p>\n<p>Ce \u00eenseamn\u0103 asta? De\u0219i Iohannis a avut pe masa de la CSAT toate rapoartele secrete, raporte care au stat la baza deciziei CCR de a anula alegerile, acum nu face altceva dec\u00e2t s\u0103 spun\u0103 c\u0103 n-ar fi avut nicio treab\u0103 cu acest lucru.\u00a0<\/p>","protected":false},"excerpt":{"rendered":"<p>Au fost foarte multe controverse legate de aceast\u0103 ultim\u0103 decizie a lui Klaus Iohannis \u00een&hellip;<\/p>\n","protected":false},"author":0,"featured_media":30728,"comment_status":"open","ping_status":"open","sticky":false,"template":"","format":"standard","meta":{"footnotes":""},"categories":[3],"tags":[],"class_list":["post-30727","post","type-post","status-publish","format-standard","has-post-thumbnail","hentry","category-politica"],"_links":{"self":[{"href":"https:\/\/247stiri.ro\/index.php\/wp-json\/wp\/v2\/posts\/30727","targetHints":{"allow":["GET"]}}],"collection":[{"href":"https:\/\/247stiri.ro\/index.php\/wp-json\/wp\/v2\/posts"}],"about":[{"href":"https:\/\/247stiri.ro\/index.php\/wp-json\/wp\/v2\/types\/post"}],"replies":[{"embeddable":true,"href":"https:\/\/247stiri.ro\/index.php\/wp-json\/wp\/v2\/comments?post=30727"}],"version-history":[{"count":0,"href":"https:\/\/247stiri.ro\/index.php\/wp-json\/wp\/v2\/posts\/30727\/revisions"}],"wp:featuredmedia":[{"embeddable":true,"href":"https:\/\/247stiri.ro\/index.php\/wp-json\/wp\/v2\/media\/30728"}],"wp:attachment":[{"href":"https:\/\/247stiri.ro\/index.php\/wp-json\/wp\/v2\/media?parent=30727"}],"wp:term":[{"taxonomy":"category","embeddable":true,"href":"https:\/\/247stiri.ro\/index.php\/wp-json\/wp\/v2\/categories?post=30727"},{"taxonomy":"post_tag","embeddable":true,"href":"https:\/\/247stiri.ro\/index.php\/wp-json\/wp\/v2\/tags?post=30727"}],"curies":[{"name":"wp","href":"https:\/\/api.w.org\/{rel}","templated":true}]}}