{"id":30733,"date":"2025-02-11T08:46:04","date_gmt":"2025-02-11T08:46:04","guid":{"rendered":"https:\/\/247stiri.ro\/index.php\/2025\/02\/11\/fratii-tate-vizati-de-un-nou-proces-in-sua-o-femeie-ii-acuza-ca-au-ademenit-o-sa-vina-in-romania-ca-sa-se-prostitueze\/"},"modified":"2025-02-11T08:46:04","modified_gmt":"2025-02-11T08:46:04","slug":"fratii-tate-vizati-de-un-nou-proces-in-sua-o-femeie-ii-acuza-ca-au-ademenit-o-sa-vina-in-romania-ca-sa-se-prostitueze","status":"publish","type":"post","link":"https:\/\/247stiri.ro\/index.php\/2025\/02\/11\/fratii-tate-vizati-de-un-nou-proces-in-sua-o-femeie-ii-acuza-ca-au-ademenit-o-sa-vina-in-romania-ca-sa-se-prostitueze\/","title":{"rendered":"Fra\u021bii Tate, viza\u021bi de un nou proces \u00een SUA: o femeie \u00eei acuz\u0103 c\u0103 au ademenit-o s\u0103 vin\u0103 \u00een Rom\u00e2nia ca s\u0103 se prostitueze"},"content":{"rendered":"<p>Pl\u00e2ngerea civil\u0103 din Florida a fost raportat\u0103 anterior de The New York Times, care spune c\u0103 aceasta marcheaz\u0103 primul proces \u00eempotriva fra\u0163ilor Tate care este intentat \u00een Statele Unite, relateaz\u0103 Reuters preluat de News.ro.<\/p>\n<p>Fra\u0163ii Tate au avut procese civile \u015fi penale \u00een Rom\u00e2nia \u015fi Marea Britanie. Acuza\u0163iile \u00eempotriva lor includ constituirea unui grup infrac\u0163ional organizat, trafic de persoane, trafic de minori, rela\u0163ii sexuale cu un minor \u015fi sp\u0103lare de bani. Ace\u015ftia au negat s\u0103v\u00e2r\u015firea oric\u0103rei infrac\u0163iuni.<\/p>\n<p><a href=\"https:\/\/www.realitatea.net\/stiri\/actual\/andrew-tate-vrea-sasi-faca-partid-are-ambitii-marete-voi-fi-premier_677c08b7eab45d7afc261a24\" target=\"_blank\">Andrew Tate vrea s\u0103-\u0219i fac\u0103 partid. Are ambi\u021bii m\u0103re\u021be: \u201eVoi fi premier\u201d<\/a><\/p>\n<p>Femeia care i-a reclamat \u00een Statele Unite \u00ee\u015fi p\u0103streaz\u0103 anonimatul \u00een actul de sesizare a instan\u0163ei, fiind identificat\u0103 drept \u201eJane Doe\u201d, dar fra\u0163ii Tate au dat-o anterior \u00een judecat\u0103 pentru def\u0103imare \u00een 2023. \u00cen procesul intentat luni, ea sus\u0163ine c\u0103 fra\u0163ii au \u00eencercat s\u0103 o \u201eintimideze \u015fi s\u0103 o h\u0103r\u0163uiasc\u0103\u201d prin intermediul procesului de def\u0103imare.<\/p>\n<p>The New York Times a relatat c\u0103 Doe, \u00een v\u00e2rst\u0103 de 23 de ani, \u015fi p\u0103rin\u0163ii ei au primit anonimatul din partea instan\u0163ei din motive de siguran\u0163\u0103.<\/p>\n<p>Joseph D. McBride, un avocat care \u00eei reprezint\u0103 pe <a href=\"https:\/\/www.realitatea.net\/stiri\/actual\/detalii-halucinante-in-dosarul-fratilor-tate-bolizii-de-lux-pusi-sub-sechestru-de-diicot-nu-le-apartin-milionarilor_66f6ac54611bb572b1013b52\" target=\"_blank\">fra\u0163ii Tate<\/a>, spune, potrivit The New York Times, c\u0103 nu exist\u0103 nicio dovad\u0103 c\u0103 clien\u0163ii s\u0103i s-ar fi implicat \u00een traficul de persoane \u015fi c\u0103 adev\u0103rul este de partea lor.<\/p>\n<p>Luna trecut\u0103, un tribunal din Rom\u00e2nia a ridicat ordinul de arest la domiciliu \u00eempotriva lui Andrew Tate, \u00eenlocuindu-l cu o m\u0103sur\u0103 preventiv\u0103 mai u\u015foar\u0103, \u00een a\u015fteptarea rezultatului unei anchete penale. Acesta se afla \u00een arest la domiciliu din luna august, c\u00e2nd procurorii au demarat o a doua anchet\u0103 penal\u0103 \u00eempotriva sa, a fratelui s\u0103u, Tristan, \u015fi a altor patru suspec\u0163i.<\/p>\n<p>Un prim dosar penal a e\u015fuat \u00een decembrie, c\u00e2nd Curtea de Apel Bucure\u015fti s-a pronun\u0163at \u00eempotriva procesului lui Andrew Tate \u015fi a trimis cauza \u00eenapoi la procurori.<\/p>\n<p>Fra\u0163ii Tate, ambii fo\u015fti kickboxeri cu dubl\u0103 cet\u0103\u0163enie american\u0103 \u015fi britanic\u0103, au fost cei mai mediatiza\u0163i suspec\u0163i judeca\u0163i pentru trafic de persoane \u00een Rom\u00e2nia, noteaz\u0103 Reuters.<\/p>","protected":false},"excerpt":{"rendered":"<p>Pl\u00e2ngerea civil\u0103 din Florida a fost raportat\u0103 anterior de The New York Times, care spune&hellip;<\/p>\n","protected":false},"author":0,"featured_media":30720,"comment_status":"open","ping_status":"open","sticky":false,"template":"","format":"standard","meta":{"footnotes":""},"categories":[2],"tags":[],"class_list":["post-30733","post","type-post","status-publish","format-standard","has-post-thumbnail","hentry","category-actual"],"_links":{"self":[{"href":"https:\/\/247stiri.ro\/index.php\/wp-json\/wp\/v2\/posts\/30733","targetHints":{"allow":["GET"]}}],"collection":[{"href":"https:\/\/247stiri.ro\/index.php\/wp-json\/wp\/v2\/posts"}],"about":[{"href":"https:\/\/247stiri.ro\/index.php\/wp-json\/wp\/v2\/types\/post"}],"replies":[{"embeddable":true,"href":"https:\/\/247stiri.ro\/index.php\/wp-json\/wp\/v2\/comments?post=30733"}],"version-history":[{"count":0,"href":"https:\/\/247stiri.ro\/index.php\/wp-json\/wp\/v2\/posts\/30733\/revisions"}],"wp:featuredmedia":[{"embeddable":true,"href":"https:\/\/247stiri.ro\/index.php\/wp-json\/wp\/v2\/media\/30720"}],"wp:attachment":[{"href":"https:\/\/247stiri.ro\/index.php\/wp-json\/wp\/v2\/media?parent=30733"}],"wp:term":[{"taxonomy":"category","embeddable":true,"href":"https:\/\/247stiri.ro\/index.php\/wp-json\/wp\/v2\/categories?post=30733"},{"taxonomy":"post_tag","embeddable":true,"href":"https:\/\/247stiri.ro\/index.php\/wp-json\/wp\/v2\/tags?post=30733"}],"curies":[{"name":"wp","href":"https:\/\/api.w.org\/{rel}","templated":true}]}}