{"id":30743,"date":"2025-02-11T09:47:51","date_gmt":"2025-02-11T09:47:51","guid":{"rendered":"https:\/\/247stiri.ro\/index.php\/2025\/02\/11\/sedinta-cruciala-la-pnl-pentru-desemnarea-presedintelui-interimar-al-partidului-cine-ii-va-lua-locul-lui-bolojan-dupa-suspendarea-sa-din-functie\/"},"modified":"2025-02-11T09:47:51","modified_gmt":"2025-02-11T09:47:51","slug":"sedinta-cruciala-la-pnl-pentru-desemnarea-presedintelui-interimar-al-partidului-cine-ii-va-lua-locul-lui-bolojan-dupa-suspendarea-sa-din-functie","status":"publish","type":"post","link":"https:\/\/247stiri.ro\/index.php\/2025\/02\/11\/sedinta-cruciala-la-pnl-pentru-desemnarea-presedintelui-interimar-al-partidului-cine-ii-va-lua-locul-lui-bolojan-dupa-suspendarea-sa-din-functie\/","title":{"rendered":"\u0218edin\u021b\u0103 crucial\u0103 la PNL pentru desemnarea pre\u0219edintelui interimar al partidului. Cine \u00eei va lua locul lui Bolojan, dup\u0103 suspendarea sa din func\u021bie"},"content":{"rendered":"<p>Biroul Politic Na\u021bional al PNL se va reuni, mar\u021bi, \u00eentr-o \u0219edin\u021b\u0103 important\u0103 pentru desemnarea lui C\u0103t\u0103lin Predoiu \u00een func\u021bia de pre\u0219edinte interimar al partidului.<\/p>\n<p>\u0218edin\u021ba BPN al PNL va avea loc de la ora 18:00, la Palatul Parlamentului, au anun\u021bat liberalii.<\/p>\n<p>Pre\u0219edintele interimar al PNL, Ilie Bolojan, a anun\u021bat, luni seara, c\u0103 se suspend\u0103 din partid, ca urmare a faptului c\u0103 va prelua func\u021bia de pre\u0219edinte interimar al Rom\u00e2niei, preciz\u00e2nd c\u0103 \u00een \u0219edin\u021ba Biroului Politic Na\u021bional \u00eel va propune pe C\u0103t\u0103lin Predoiu ca \u0219ef interimar al partidului.<\/p>\n<p>&#8221;\u00cen aceast\u0103 sear\u0103 am avut o \u0219edin\u021b\u0103 preg\u0103titoare, av\u00e2nd \u00een vedere faptul c\u0103, \u00een urma demisiei pre\u0219edintelui Rom\u00e2niei, pre\u0219edintele Senatului ar urma s\u0103 ocupe aceast\u0103 func\u021bie \u00een calitate de interimar. Ca atare, conform prevederilor constitu\u021bionale, nu mai poate fi membru al unui partid politic \u0219i \u00een aceast\u0103 calitate sunt obligat s\u0103 m\u0103 suspend din calitatea de pre\u0219edinte al Partidului Na\u021bional Liberal \u0219i de membru al PNL. M\u00e2ine dup\u0103-amiaz\u0103, va fi o \u0219edin\u021b\u0103 a Biroului Politic Na\u021bional \u00een care, a\u0219a cum am discutat ast\u0103zi, urmeaz\u0103 s\u0103 fie ales pentru aceast\u0103 perioad\u0103 un interimar \u0219i propunerea pe care o voi face m\u00e2ine este ca domnul C\u0103t\u0103lin Predoiu, prim-vicepre\u0219edintele partidului, s\u0103 preia aceast\u0103 func\u021bie&#8221;, a transmis Bolojan, luni, dup\u0103 \u0219edin\u021ba conducerii partidului cu liderii de filiale.<\/p>\n<p>Bolojan a mai spus c\u0103 \u00een \u0219edin\u021ba de mar\u021bi va fi luat\u0103 o decizie \u0219i cu privire la \u00eenlocuirea pre\u0219edintelui Senatului.<\/p>\n<p>\u00a0<\/p>","protected":false},"excerpt":{"rendered":"<p>Biroul Politic Na\u021bional al PNL se va reuni, mar\u021bi, \u00eentr-o \u0219edin\u021b\u0103 important\u0103 pentru desemnarea lui&hellip;<\/p>\n","protected":false},"author":0,"featured_media":30744,"comment_status":"open","ping_status":"open","sticky":false,"template":"","format":"standard","meta":{"footnotes":""},"categories":[3],"tags":[],"class_list":["post-30743","post","type-post","status-publish","format-standard","has-post-thumbnail","hentry","category-politica"],"_links":{"self":[{"href":"https:\/\/247stiri.ro\/index.php\/wp-json\/wp\/v2\/posts\/30743","targetHints":{"allow":["GET"]}}],"collection":[{"href":"https:\/\/247stiri.ro\/index.php\/wp-json\/wp\/v2\/posts"}],"about":[{"href":"https:\/\/247stiri.ro\/index.php\/wp-json\/wp\/v2\/types\/post"}],"replies":[{"embeddable":true,"href":"https:\/\/247stiri.ro\/index.php\/wp-json\/wp\/v2\/comments?post=30743"}],"version-history":[{"count":0,"href":"https:\/\/247stiri.ro\/index.php\/wp-json\/wp\/v2\/posts\/30743\/revisions"}],"wp:featuredmedia":[{"embeddable":true,"href":"https:\/\/247stiri.ro\/index.php\/wp-json\/wp\/v2\/media\/30744"}],"wp:attachment":[{"href":"https:\/\/247stiri.ro\/index.php\/wp-json\/wp\/v2\/media?parent=30743"}],"wp:term":[{"taxonomy":"category","embeddable":true,"href":"https:\/\/247stiri.ro\/index.php\/wp-json\/wp\/v2\/categories?post=30743"},{"taxonomy":"post_tag","embeddable":true,"href":"https:\/\/247stiri.ro\/index.php\/wp-json\/wp\/v2\/tags?post=30743"}],"curies":[{"name":"wp","href":"https:\/\/api.w.org\/{rel}","templated":true}]}}