{"id":30745,"date":"2025-02-11T09:47:52","date_gmt":"2025-02-11T09:47:52","guid":{"rendered":"https:\/\/247stiri.ro\/index.php\/2025\/02\/11\/decretele-semnate-pe-ultima-suta-de-metri-de-klaus-iohannis-cu-o-zi-inainte-de-a-pleca-de-la-cotroceni\/"},"modified":"2025-02-11T09:47:52","modified_gmt":"2025-02-11T09:47:52","slug":"decretele-semnate-pe-ultima-suta-de-metri-de-klaus-iohannis-cu-o-zi-inainte-de-a-pleca-de-la-cotroceni","status":"publish","type":"post","link":"https:\/\/247stiri.ro\/index.php\/2025\/02\/11\/decretele-semnate-pe-ultima-suta-de-metri-de-klaus-iohannis-cu-o-zi-inainte-de-a-pleca-de-la-cotroceni\/","title":{"rendered":"Decretele semnate pe ultima sut\u0103 de metri de Klaus Iohannis, cu o zi \u00eenainte de a pleca de la Cotroceni"},"content":{"rendered":"<p>Pre\u015fedintele demisionar Klaus Iohannis a semnat, mar\u0163i, decretele pentru eliberarea din func\u0163ie, la cerere, a doi consilieri preziden\u0163iali, respectiv Simona-Livia Maftei \u015fi Diana-Loreta P\u0103un.<\/p>\n<p>Administra\u0163ia Preziden\u0163ial\u0103 a transmis, mar\u0163i, lista decretelor semnate de c\u0103tre pre\u015fedintele Klaus Iohannis:<\/p>\n<p>&#8211; Decret privind eliberarea din func\u0163ia de consilier preziden\u0163ial a doamnei Simona-Livia Maftei, la cerere, la data de 12 februarie 2025;<\/p>\n<p>&#8211; Decret privind eliberarea din func\u0163ia de consilier preziden\u0163ial a doamnei Diana-Loreta P\u0103un, la cerere, la data de 12 februarie 2025;<\/p>\n<p>&#8211; Decret privind eliberarea din func\u0163ia de consilier de stat a doamnei Nicoleta Nicolae-Ioana, la cerere, la data de 12 februarie 2025;<\/p>\n<p>&#8211; Decret privind trecerea \u00een rezerv\u0103 a domnului general-locotenent \u2013 cu trei stele Incica\u015f Teodor din Ministerul Ap\u0103r\u0103rii Na\u0163ionale, la data de 1 martie 2025.<\/p>","protected":false},"excerpt":{"rendered":"<p>Pre\u015fedintele demisionar Klaus Iohannis a semnat, mar\u0163i, decretele pentru eliberarea din func\u0163ie, la cerere, a&hellip;<\/p>\n","protected":false},"author":0,"featured_media":30746,"comment_status":"open","ping_status":"open","sticky":false,"template":"","format":"standard","meta":{"footnotes":""},"categories":[3],"tags":[],"class_list":["post-30745","post","type-post","status-publish","format-standard","has-post-thumbnail","hentry","category-politica"],"_links":{"self":[{"href":"https:\/\/247stiri.ro\/index.php\/wp-json\/wp\/v2\/posts\/30745","targetHints":{"allow":["GET"]}}],"collection":[{"href":"https:\/\/247stiri.ro\/index.php\/wp-json\/wp\/v2\/posts"}],"about":[{"href":"https:\/\/247stiri.ro\/index.php\/wp-json\/wp\/v2\/types\/post"}],"replies":[{"embeddable":true,"href":"https:\/\/247stiri.ro\/index.php\/wp-json\/wp\/v2\/comments?post=30745"}],"version-history":[{"count":0,"href":"https:\/\/247stiri.ro\/index.php\/wp-json\/wp\/v2\/posts\/30745\/revisions"}],"wp:featuredmedia":[{"embeddable":true,"href":"https:\/\/247stiri.ro\/index.php\/wp-json\/wp\/v2\/media\/30746"}],"wp:attachment":[{"href":"https:\/\/247stiri.ro\/index.php\/wp-json\/wp\/v2\/media?parent=30745"}],"wp:term":[{"taxonomy":"category","embeddable":true,"href":"https:\/\/247stiri.ro\/index.php\/wp-json\/wp\/v2\/categories?post=30745"},{"taxonomy":"post_tag","embeddable":true,"href":"https:\/\/247stiri.ro\/index.php\/wp-json\/wp\/v2\/tags?post=30745"}],"curies":[{"name":"wp","href":"https:\/\/api.w.org\/{rel}","templated":true}]}}