{"id":30750,"date":"2025-02-11T09:47:54","date_gmt":"2025-02-11T09:47:54","guid":{"rendered":"https:\/\/247stiri.ro\/index.php\/2025\/02\/11\/calin-georgescu-acuza-presiuni-de-neimaginat-mascatii-au-descins-peste-oamenii-sai-de-campanie-nu-ne-puteti-intimida-nu-putem-fi-ingenuncheati\/"},"modified":"2025-02-11T09:47:54","modified_gmt":"2025-02-11T09:47:54","slug":"calin-georgescu-acuza-presiuni-de-neimaginat-mascatii-au-descins-peste-oamenii-sai-de-campanie-nu-ne-puteti-intimida-nu-putem-fi-ingenuncheati","status":"publish","type":"post","link":"https:\/\/247stiri.ro\/index.php\/2025\/02\/11\/calin-georgescu-acuza-presiuni-de-neimaginat-mascatii-au-descins-peste-oamenii-sai-de-campanie-nu-ne-puteti-intimida-nu-putem-fi-ingenuncheati\/","title":{"rendered":"C\u0103lin Georgescu acuz\u0103 PRESIUNI de neimaginat &#8211; masca\u021bii au descins peste oamenii s\u0103i de campanie: Nu ne pute\u021bi intimida, nu putem fi \u00eengenunchea\u021bi!"},"content":{"rendered":"<p>Potrivit pre\u0219edintelui ales, masca\u021bii au descins, \u00een aceast\u0103 diminea\u021b\u0103, acas\u0103 la \u0219eful s\u0103u de campanie, Radu Pally.<\/p>\n<p>&#8222;Mili\u021bianul Predoiu \u0219i ni\u0219te procurori au trimis \u00een aceast\u0103 diminea\u021b\u0103 masca\u021bii acas\u0103 la \u0219eful meu de campanie, Radu Pally. Solicit imperativ oprirea acestui abuz &#8211; nu ne pute\u021bi intimida &#8211; nu putem fi \u00eengenunchea\u021bi!&#8221;, a postat C\u0103lin Georgescu, pe Facebook.\u00a0<\/p>\n\n<p>Cine este Radu Pally<\/p>\n<p>Radu Pally \u0219i so\u021bia sa, Crengu\u021ba Pally, fo\u0219ti jurnali\u0219ti \u00een presa arge\u0219ean\u0103, sunt responsabili de strategia de comunicare a campaniei lui C\u0103lin Georgescu, cel care a ob\u021binut peste 2 milioane de voturi \u00een primul tur al alegerilor preziden\u021biale.\u00a0<\/p>\n<p>Reac\u021bia Parchetului<\/p>\n<p>Potrivit unor surse citate de Realitatea PLUS, Parchetul General a anun\u021bat c\u0103 \u00een acest caz se efectueaz\u0103 cercet\u0103ri, \u00eens\u0103 nu a oferit informa\u021bii suplimentare.<\/p>\n<p>Poli\u021bia Rom\u00e2n\u0103 confirm\u0103 descinderile<\/p>\n<p>&#8222;Av\u00e2nd \u00een vedere afirma\u021biile din spa\u021biul public, de pe o re\u021bea de socializare, ale unui candidat la alegerile preziden\u021biale, cu privire la unele activit\u0103\u021bi derulate de institu\u021bia noastr\u0103, Centrul de Informare \u0219i Rela\u021bii Publice din cadrul Poli\u021biei Rom\u00e2ne este abilitat s\u0103 comunice urm\u0103toarele:<\/p>\n<p>Activit\u0103\u021bile sunt derulate \u00een cadrul unui dosar penal, sub coordonarea unit\u0103\u021bii de parchet competente \u0219i cu respectarea cadrului legal \u00een vigoare.<\/p>\n<p>De altfel, toate activit\u0103\u021bile institu\u021biei noastre, \u00een cadrul tuturor dosarelor penale se efectueaz\u0103 sub coordonarea unit\u0103\u021bilor de parchet \u0219i sub autoritatea procurorilor de caz, av\u00e2nd drept scop aflarea adev\u0103rului.<\/p>\n<p>Respingem \u0219i dezavu\u0103m orice acuza\u021bie nefondat\u0103 de politizare a actului profesional poli\u021bienesc.<\/p>\n<p>V\u0103 reamintim faptul c\u0103 activitatea de urm\u0103rire penal\u0103 a poli\u021biei judiciare are caracter nepublic \u0219i se desf\u0103\u0219oar\u0103 sub autoritatea unit\u0103\u021bilor de parchet competente, \u0219efii ierarhici ai poli\u021bi\u0219tilor neav\u00e2nd competen\u021b\u0103 \u00een a da dispozi\u021bii privind efectuarea actelor de urm\u0103rire penal\u0103.<\/p>\n<p>Reiter\u0103m c\u0103 tot personalul institu\u021biei noastre \u00ee\u0219i desf\u0103\u0219oar\u0103 activitatea cu profesionalism, impar\u021bialitate, echidistan\u021b\u0103 \u0219i neutralitate politic\u0103&#8221;, a anun\u021bat Poli\u021bia Rom\u00e2n\u0103.<\/p>\n<p>\u00a0<\/p>\n<p>\u00a0<\/p>","protected":false},"excerpt":{"rendered":"<p>Potrivit pre\u0219edintelui ales, masca\u021bii au descins, \u00een aceast\u0103 diminea\u021b\u0103, acas\u0103 la \u0219eful s\u0103u de campanie,&hellip;<\/p>\n","protected":false},"author":0,"featured_media":30742,"comment_status":"open","ping_status":"open","sticky":false,"template":"","format":"standard","meta":{"footnotes":""},"categories":[2],"tags":[],"class_list":["post-30750","post","type-post","status-publish","format-standard","has-post-thumbnail","hentry","category-actual"],"_links":{"self":[{"href":"https:\/\/247stiri.ro\/index.php\/wp-json\/wp\/v2\/posts\/30750","targetHints":{"allow":["GET"]}}],"collection":[{"href":"https:\/\/247stiri.ro\/index.php\/wp-json\/wp\/v2\/posts"}],"about":[{"href":"https:\/\/247stiri.ro\/index.php\/wp-json\/wp\/v2\/types\/post"}],"replies":[{"embeddable":true,"href":"https:\/\/247stiri.ro\/index.php\/wp-json\/wp\/v2\/comments?post=30750"}],"version-history":[{"count":0,"href":"https:\/\/247stiri.ro\/index.php\/wp-json\/wp\/v2\/posts\/30750\/revisions"}],"wp:featuredmedia":[{"embeddable":true,"href":"https:\/\/247stiri.ro\/index.php\/wp-json\/wp\/v2\/media\/30742"}],"wp:attachment":[{"href":"https:\/\/247stiri.ro\/index.php\/wp-json\/wp\/v2\/media?parent=30750"}],"wp:term":[{"taxonomy":"category","embeddable":true,"href":"https:\/\/247stiri.ro\/index.php\/wp-json\/wp\/v2\/categories?post=30750"},{"taxonomy":"post_tag","embeddable":true,"href":"https:\/\/247stiri.ro\/index.php\/wp-json\/wp\/v2\/tags?post=30750"}],"curies":[{"name":"wp","href":"https:\/\/api.w.org\/{rel}","templated":true}]}}