{"id":30760,"date":"2025-02-11T10:46:17","date_gmt":"2025-02-11T10:46:17","guid":{"rendered":"https:\/\/247stiri.ro\/index.php\/2025\/02\/11\/anca-alexandrescu-amenintata-cu-moartea-moderatoarea-emisiunii-culisele-statului-paralel-declaratie-exploziva-s-a-mers-mult-prea-departe-cine-se-afla-in-spatele-atacului\/"},"modified":"2025-02-11T10:46:17","modified_gmt":"2025-02-11T10:46:17","slug":"anca-alexandrescu-amenintata-cu-moartea-moderatoarea-emisiunii-culisele-statului-paralel-declaratie-exploziva-s-a-mers-mult-prea-departe-cine-se-afla-in-spatele-atacului","status":"publish","type":"post","link":"https:\/\/247stiri.ro\/index.php\/2025\/02\/11\/anca-alexandrescu-amenintata-cu-moartea-moderatoarea-emisiunii-culisele-statului-paralel-declaratie-exploziva-s-a-mers-mult-prea-departe-cine-se-afla-in-spatele-atacului\/","title":{"rendered":"Anca Alexandrescu, amenin\u021bat\u0103 cu MOARTEA! Moderatoarea emisiunii &#8222;Culisele Statului Paralel&#8221;, declara\u021bie exploziv\u0103: S-a mers mult prea departe. Cine se afl\u0103 \u00een spatele atacului"},"content":{"rendered":"<p>&#8222;Nu am mai multe am\u0103nunte. A\u0219tept ca domnul Predoiu, care este ministru de Interne \u00eenc\u0103 \u00een func\u021bie \u0219i care se l\u0103uda c\u0103 este un tip corect \u0219i echilibrat \u0219i nu este omul sistemului &#8211; dar v\u0103d c\u0103 este, din comportamentul s\u0103u &#8211; s\u0103 aib\u0103 aceea\u0219i celeritate privind amenin\u021b\u0103rile la adresa mea pe grupuri hashtagiste, la vedere, \u00een care se spune clar &lt;&lt;Anca Alwexandrescu trebuie s\u0103 fie omor\u00e2t\u0103&gt;&gt; de persoane cu conturi asumate, cu nume \u0219i prenume.\u00a0<\/p>\n\n<p>Ce s\u0103 vede\u021bi? \u00centre timp am descoperit c\u0103 acel grup de instigatori este \u0219i grupul unde s-a postat numele celui la care ast\u0103zi diminea\u021b\u0103, la ora 6.45, a venit un desant s\u0103 fac\u0103 perchezi\u021bii. Eu sunt \u00een posesia film\u0103rilor din momentul \u00een care desantul de la Poli\u021bie &#8211; peste doi oameni, so\u021b \u0219i so\u021bie, tineri, cu un copil mic \u00een cas\u0103; care au pus \u00eentrebarea &lt;&lt;De ce a\u021bi venit?&gt;&gt;, &lt;&lt;Avem mandat de perchezi\u021bie. O s\u0103 v\u0103 spunem, o s\u0103 v\u0103 spunem&gt;&gt;, &lt;&lt;V\u0103 rug\u0103m frumos s\u0103 nu trezi\u021bi copilul&gt;&gt;. Bine\u00een\u021beles c\u0103 au trezit \u0219i copilul mic. Este un abuz f\u0103r\u0103 precedent.<\/p>\n<p>Nu m\u0103 simt \u00een nesiguran\u021b\u0103 pentru c\u0103 nu \u00eemi este fric\u0103. Mi-am asumat, dar este foarte clar c\u0103 acest sistem manevreaz\u0103 \u00een continuare statul rom\u00e2n prin ministrul de Interne, C\u0103t\u0103lin Predoiu, care poart\u0103 responsabilitatea exclusiv\u0103 pentru aceast\u0103 vendet\u0103 pe care o practic\u0103 dupa data de 6 decembrie, c\u00e2nd au fost anulate abuziv alegerile, la adresa celor care \u00eel sus\u021bin pe C\u0103lin Georgescu.<\/p>\n<p>Este, de data aceasta, extrem de grav ca o persoan\u0103 public\u0103, \u0219i anume eu, s\u0103 fiu expus\u0103 pe re\u021belele de socializare, spun\u00e2ndu-se &lt;&lt;Trebuie s\u0103 fie omor\u00e2t\u0103&gt;&gt;, scrie cu subiect \u0219i predicat. Aceste personaje care url\u0103 cu to\u021bi r\u0103runchii &#8211; oameni care au fost pl\u0103ti\u021bi &#8211; acele fonduri USAID din zona lui George Soros &#8211; \u00ee\u0219i doresc moartea celor care nu sunt de acord cu ei. S-a mers mult prea departe&#8221;, a declarat mar\u021bi Anca Alexandrescu \u00eentr-o interven\u021bie telefonic\u0103 la Realitatea PLUS.\u00a0<\/p>\n<p>Ea a ad\u0103ugat: &#8222;A\u0219tept at\u00e2t de la premierul Marcel Ciolacu, c\u00e2t \u0219i de la toate autorit\u0103\u021bile s\u0103 ia de uregn\u021b\u0103 m\u0103suri, s\u0103 v\u0103d c\u0103 \u00eei chem\u0103 pe ace\u0219ti instigatori \u0219i aceste persoaneje care cer omor\u00e2rea public\u0103 a unui moderator de televiziune, la poli\u021bie \u0219i s\u0103 fac\u0103 perchezi\u021bii la aceste persoane care instig\u0103 public la ur\u0103, la violen\u021b\u0103, la moarte.\u00a0<\/p>\n<p>Eu am \u00eencercat s\u0103 postez acel link care dovede\u0219te aceast\u0103 instigarea, Facebook-ul mi l-a \u0219eters instant de dou\u0103 ori la c\u00e2teva secunde. Am reu\u0219it apoi s\u0103 postez o captur\u0103, \u00eens\u0103 este foarte clar c\u0103 sistemul \u00eenc\u0103 controleaz\u0103 \u00een Rom\u00e2nia \u00eentreg statul rom\u00e2n. Nu m\u0103 simt \u00een pericol. Voi continua s\u0103 merg pe acela\u0219i drum. \u0218tiu c\u0103 v\u0103 am pe to\u021bi al\u0103turi de mine, inclusiv pe telespectatori, nu m\u0103 voi opri \u0219i voi continua \u00een aceast\u0103 sear\u0103 s\u0103 ar\u0103t adev\u0103rul \u0219i abuzurile pe care le face Ciolacu, dac\u0103 este de acord cu ceea ce face C\u0103t\u0103lin Predoiu. I-am semnalat dl Ciolacu de mai multe ori ceea ce face Predoiu. Eu sper ca \u00een calitate de prim-ministru s\u0103 ia de uregn\u021b\u0103 m\u0103suri. Dl Predoiu este preocupat s\u0103 preia partidul de la un al om al sistemului, Ilie Bolojan. Lucururile acestea trebuie s\u0103 se opreasc\u0103, trebuie s\u0103 r\u0103m\u00e2nem uni\u021bi \u0219i s\u0103 mergem mai departe f\u0103r\u0103 violen\u021b\u0103, f\u0103r\u0103 \u00eencurajare la astfel de comportamente cum practic\u0103 aceste personaje, dar nu trebuie s\u0103 ne oprim \u0219i nu trebuie s\u0103 ne l\u0103s\u0103m intimida\u021bi.<\/p>\n<p>Cer public tuturor autorit\u0103\u021bilor s\u0103 ia de urgen\u021b\u0103 m\u0103suri. Nu e vorba de Anca Alexandrescu, e vorba de to\u021bi cet\u0103\u021benii care \u00eel sus\u021bin pe C\u0103lin georgescu. E indamisibil ca \u00eentr-un stat democratic \u00een anul 2025 s\u0103 se \u00eent\u00e2mple a\u0219a ceva&#8221;.\u00a0<\/p>","protected":false},"excerpt":{"rendered":"<p>&#8222;Nu am mai multe am\u0103nunte. A\u0219tept ca domnul Predoiu, care este ministru de Interne \u00eenc\u0103&hellip;<\/p>\n","protected":false},"author":0,"featured_media":30761,"comment_status":"open","ping_status":"open","sticky":false,"template":"","format":"standard","meta":{"footnotes":""},"categories":[3],"tags":[],"class_list":["post-30760","post","type-post","status-publish","format-standard","has-post-thumbnail","hentry","category-politica"],"_links":{"self":[{"href":"https:\/\/247stiri.ro\/index.php\/wp-json\/wp\/v2\/posts\/30760","targetHints":{"allow":["GET"]}}],"collection":[{"href":"https:\/\/247stiri.ro\/index.php\/wp-json\/wp\/v2\/posts"}],"about":[{"href":"https:\/\/247stiri.ro\/index.php\/wp-json\/wp\/v2\/types\/post"}],"replies":[{"embeddable":true,"href":"https:\/\/247stiri.ro\/index.php\/wp-json\/wp\/v2\/comments?post=30760"}],"version-history":[{"count":0,"href":"https:\/\/247stiri.ro\/index.php\/wp-json\/wp\/v2\/posts\/30760\/revisions"}],"wp:featuredmedia":[{"embeddable":true,"href":"https:\/\/247stiri.ro\/index.php\/wp-json\/wp\/v2\/media\/30761"}],"wp:attachment":[{"href":"https:\/\/247stiri.ro\/index.php\/wp-json\/wp\/v2\/media?parent=30760"}],"wp:term":[{"taxonomy":"category","embeddable":true,"href":"https:\/\/247stiri.ro\/index.php\/wp-json\/wp\/v2\/categories?post=30760"},{"taxonomy":"post_tag","embeddable":true,"href":"https:\/\/247stiri.ro\/index.php\/wp-json\/wp\/v2\/tags?post=30760"}],"curies":[{"name":"wp","href":"https:\/\/api.w.org\/{rel}","templated":true}]}}