{"id":30767,"date":"2025-02-11T10:46:19","date_gmt":"2025-02-11T10:46:19","guid":{"rendered":"https:\/\/247stiri.ro\/index.php\/2025\/02\/11\/spitalul-clinic-cf2-din-bucuresti-predat-de-ministerul-transporturilor-universitatii-de-medicina-si-farmacie-carol-davila\/"},"modified":"2025-02-11T10:46:19","modified_gmt":"2025-02-11T10:46:19","slug":"spitalul-clinic-cf2-din-bucuresti-predat-de-ministerul-transporturilor-universitatii-de-medicina-si-farmacie-carol-davila","status":"publish","type":"post","link":"https:\/\/247stiri.ro\/index.php\/2025\/02\/11\/spitalul-clinic-cf2-din-bucuresti-predat-de-ministerul-transporturilor-universitatii-de-medicina-si-farmacie-carol-davila\/","title":{"rendered":"Spitalul Clinic CF2 din Bucure\u0219ti, predat de Ministerul Transporturilor Universit\u0103\u021bii de Medicin\u0103 \u0219i Farmacie &#8222;Carol Davila&#8221;"},"content":{"rendered":"<p>&#8222;Am semnat ast\u0103zi protocolul de predare a Spitalului Clinic C\u0103i Ferate nr. 2 (CF2) din Bucure\u0219ti c\u0103tre Universitatea de Medicin\u0103 \u0219i Farmacie &#8222;Carol Davila&#8221;. Consider c\u0103 aceast\u0103 institu\u021bie de profil poate administra mult mai eficient aceast\u0103 unitate spitaliceasc\u0103. Ministerul Transporturilor \u0219i Infrastructurii nu are ca specific acest tip de activitate \u00een domeniul medical, ceea ce, \u00een timp, a dus la subfinan\u021barea Spitalului CF2&#8243;, a scris Grindeanu, pe Facebook.<\/p>\n\n<p>El a subliniat c\u0103 Spitalul Clinic C\u0103i Ferate nr. 2 este unul cu profil clinic \u0219i are \u00een portofoliu toat\u0103 gama de specializ\u0103ri medicale, fiind firesc s\u0103 fie administrat de institu\u021bii care au experien\u021b\u0103 \u00een acest domeniu.<\/p>\n<p>&#8222;Sunt convins c\u0103 acest transfer semnat ast\u0103zi va propulsa CF2 \u00een topul spitalelor bucure\u0219tene&#8221;, a ad\u0103ugat \u0219eful de la Transporturi.<\/p>\n<p>Din partea Universit\u0103\u021bii de Medicin\u0103 \u0219i Farmacie &#8222;Carol Davila&#8221;, protocolul a fost semnat de rectorul institu\u021biei, profesorul universitar doctor, Viorel Jinga.<\/p>\n<p>&#8222;Acesta sper s\u0103 fie un prim pas pentru transferul altor spitale care sunt \u00een patrimoniul MTI \u0219i un exemplu de bune practici pentru cre\u0219terea performan\u021belor acestor unit\u0103\u021bi medicale&#8221;, a transmis Sorin Grindeanu.\u00a0<\/p>","protected":false},"excerpt":{"rendered":"<p>&#8222;Am semnat ast\u0103zi protocolul de predare a Spitalului Clinic C\u0103i Ferate nr. 2 (CF2) din&hellip;<\/p>\n","protected":false},"author":0,"featured_media":30763,"comment_status":"open","ping_status":"open","sticky":false,"template":"","format":"standard","meta":{"footnotes":""},"categories":[2],"tags":[],"class_list":["post-30767","post","type-post","status-publish","format-standard","has-post-thumbnail","hentry","category-actual"],"_links":{"self":[{"href":"https:\/\/247stiri.ro\/index.php\/wp-json\/wp\/v2\/posts\/30767","targetHints":{"allow":["GET"]}}],"collection":[{"href":"https:\/\/247stiri.ro\/index.php\/wp-json\/wp\/v2\/posts"}],"about":[{"href":"https:\/\/247stiri.ro\/index.php\/wp-json\/wp\/v2\/types\/post"}],"replies":[{"embeddable":true,"href":"https:\/\/247stiri.ro\/index.php\/wp-json\/wp\/v2\/comments?post=30767"}],"version-history":[{"count":0,"href":"https:\/\/247stiri.ro\/index.php\/wp-json\/wp\/v2\/posts\/30767\/revisions"}],"wp:featuredmedia":[{"embeddable":true,"href":"https:\/\/247stiri.ro\/index.php\/wp-json\/wp\/v2\/media\/30763"}],"wp:attachment":[{"href":"https:\/\/247stiri.ro\/index.php\/wp-json\/wp\/v2\/media?parent=30767"}],"wp:term":[{"taxonomy":"category","embeddable":true,"href":"https:\/\/247stiri.ro\/index.php\/wp-json\/wp\/v2\/categories?post=30767"},{"taxonomy":"post_tag","embeddable":true,"href":"https:\/\/247stiri.ro\/index.php\/wp-json\/wp\/v2\/tags?post=30767"}],"curies":[{"name":"wp","href":"https:\/\/api.w.org\/{rel}","templated":true}]}}