{"id":30772,"date":"2025-02-11T10:46:21","date_gmt":"2025-02-11T10:46:21","guid":{"rendered":"https:\/\/247stiri.ro\/index.php\/2025\/02\/11\/ministrul-finantelor-anunt-important-despre-majorarea-taxelor-este-o-decizie-ferma-si-trebuie-sa-ne-tinem-de-ea\/"},"modified":"2025-02-11T10:46:21","modified_gmt":"2025-02-11T10:46:21","slug":"ministrul-finantelor-anunt-important-despre-majorarea-taxelor-este-o-decizie-ferma-si-trebuie-sa-ne-tinem-de-ea","status":"publish","type":"post","link":"https:\/\/247stiri.ro\/index.php\/2025\/02\/11\/ministrul-finantelor-anunt-important-despre-majorarea-taxelor-este-o-decizie-ferma-si-trebuie-sa-ne-tinem-de-ea\/","title":{"rendered":"Ministrul Finan\u021belor, anun\u021b important despre majorarea taxelor: \u201dEste o decizie ferm\u0103 \u0219i trebuie s\u0103 ne \u021binem de ea\u201d"},"content":{"rendered":"<p>\u201dNu avem nevoie de major\u0103ri de taxe, cu siguran\u021b\u0103, \u00een acest moment. Putem \u021bine cheltuielile sub control. Este \u0219i rolul ministerelor, ordonatorilor principali de credite. \u00cen momentul \u00een care lucrurile sunt foarte clare \u0219i le spunem c\u0103 nu vor primi bani suplimentari la rectificare, va trebui s\u0103 se descurce cu bugetul pe care \u00eel au.<\/p>\n<p>Este o decizie ferm\u0103 \u0219i trebuie s\u0103 ne \u021binem de aceast\u0103 decizie, altfel, cu siguran\u021b\u0103 intr\u0103m \u00eenapoi pe acel f\u0103ga\u0219 deja obi\u0219nuit al rectific\u0103rilor bugetare care au dus deficitul Rom\u00e2niei de la 5,5 la sut\u0103 la 8,6 la sut\u0103 \u0219i atunci n-am f\u0103cut nimic. Cred c\u0103 avem suficient\u0103 for\u021b\u0103 \u0219i angajament din partea Guvernului \u0219i din partea pre\u0219edin\u021bilor celor trei forma\u021biuni politice ca s\u0103 facem acest lucru\u201d, a declarat <a href=\"https:\/\/www.realitatea.net\/stiri\/actual\/buget-2025-tanczos-barna-recunoaste-ca-guvernul-nu-are-banii-promisi-seniorilor-romaniei-video_67a4619bbd7f8841dc7fcd92\" target=\"_blank\">Tanczos Barna.<\/a><\/p>\n<p>Ministrul Finan\u021belor a explicat c\u0103 situa\u021bia economic\u0103 a Rom\u00e2niei este una bun\u0103 \u0219i c\u0103 momentan nu sunt indicii c\u0103 ar fi nevoie de o cre\u0219tere a taxelor.\u00a0<\/p>\n<p>\u201dNu cred c\u0103 exist\u0103 premisele unei \u00eenr\u0103rut\u0103\u021biri at\u00e2t de grave a situa\u021biei economice \u00eenc\u00e2t s\u0103 avem nevoie de cre\u0219teri de taxe. Momentan nu se \u00eentrevede nicio \u00eenr\u0103ut\u0103\u021bire a\u0219a de brusc\u0103 \u00eenc\u00e2t Rom\u00e2nia s\u0103 fie obligat\u0103 s\u0103 majoreze taxe \u0219i impozite \u00een 2025\u201d, a mai spus Tanczos Barna.<\/p>\n<p>De asemenea, \u0219eful de la Finan\u021be a \u021binut s\u0103 precizeze faptul c\u0103 Guvernul va face tot posibilul s\u0103 nu creasc\u0103 TVA-ul.<\/p>\n<p>\u201dVoi face tot posibilul s\u0103 nu cre\u0219tem TVA \u0219i s\u0103 nu avem situa\u021bii de genul situa\u021biei din decembrie. A fost o op\u021biune pentru Guvern c\u00e2nd s\u0103 implementeze primele m\u0103suri de reform\u0103 fiscal\u0103. \u0218i era op\u021biunea decembrie, ca s\u0103 lu\u0103m o singur\u0103 decizie pentru tot anul 2025 \u0219i acest lucru s-a f\u0103cut \u00een decembrie, \u00een ordonan\u021ba de ajust\u0103ri multisectoriale. Atunci s-a decis \u00eenghe\u021barea salariilor \u0219i pensiilor.<\/p>\n<p>Pe partea de cheltuieli, a fost o decizie foarte grea, dar necesar\u0103. Pentru c\u0103, a\u0219a cum s-a v\u0103zut, presiunea major\u0103rilor salariale din 2024 pe anul 2025 \u0219i presiunea major\u0103rilor de pensii din 2024 pe 2025, cu index\u0103rile, nu ar fi fost sustenabil\u0103. De aceea, Guvernul a luat o decizie foarte grea de a nu face index\u0103ri \u00een 2025 la aceste dou\u0103 capitole\u201d, a transmis ministrul.\u00a0<\/p>\n<p>\u00cen ceea ce prive\u0219te analiza impozitelor \u0219i taxelor, Tanczos Barna a afirmat c\u0103 \u201dam avut c\u00e2teva angajamente fa\u021b\u0103 de Comisia European\u0103\u201d.<\/p>\n<p>\u201dAm avut odat\u0103 angajamentul de cre\u0219tere a impozitului pe dividende. Acolo este o decizie corect\u0103, din punctul meu de vedere. At\u00e2ta timp c\u00e2t munca este impozitat\u0103 cu 10 la sut\u0103, este normal ca \u0219i capitalul s\u0103 fie impozitat cu cel pu\u021bin 10 la sut\u0103. Este o cre\u0219tere de dou\u0103 procente, de la 8 la sut\u0103 la 10 la sut\u0103. Am avut angajamentul cu plafonul la micro\u00eentreprinderi \u0219i acolo \u00eentrebarea a fost c\u00e2nd se face. S-a luat decizia s\u0103 se fac\u0103 tot atunci.<\/p>\n<p>Angajamentul de eliminare a facilit\u0103\u021bilor la anumite categorii, la anumite sectoare din economie. Acolo s-au eliminat facilit\u0103\u021bile la construc\u021bii, IT \u0219i agricultur\u0103.<\/p>\n<p>A fost un pachet care s-a decis atunci \u0219i sunt convins c\u0103 avem toate premisele ca acest singur pachet s\u0103 fie suficient p\u00e2n\u0103 la sf\u00e2r\u0219itul anului cu condi\u021bia \u021binerii cheltuielilor sub control. \u0218i aici vom avea nevoie de largul concurs al tuturor institu\u021biilor \u0219i unit\u0103\u021bilor administrativ-teritoriale \u0219i al concentratelor \u0219i ministerelor pentru a \u021bine cheltuielile sub control\u201d, a conchis ministrul Finan\u021belor.<\/p>","protected":false},"excerpt":{"rendered":"<p>\u201dNu avem nevoie de major\u0103ri de taxe, cu siguran\u021b\u0103, \u00een acest moment. Putem \u021bine cheltuielile&hellip;<\/p>\n","protected":false},"author":0,"featured_media":30773,"comment_status":"open","ping_status":"open","sticky":false,"template":"","format":"standard","meta":{"footnotes":""},"categories":[2],"tags":[],"class_list":["post-30772","post","type-post","status-publish","format-standard","has-post-thumbnail","hentry","category-actual"],"_links":{"self":[{"href":"https:\/\/247stiri.ro\/index.php\/wp-json\/wp\/v2\/posts\/30772","targetHints":{"allow":["GET"]}}],"collection":[{"href":"https:\/\/247stiri.ro\/index.php\/wp-json\/wp\/v2\/posts"}],"about":[{"href":"https:\/\/247stiri.ro\/index.php\/wp-json\/wp\/v2\/types\/post"}],"replies":[{"embeddable":true,"href":"https:\/\/247stiri.ro\/index.php\/wp-json\/wp\/v2\/comments?post=30772"}],"version-history":[{"count":0,"href":"https:\/\/247stiri.ro\/index.php\/wp-json\/wp\/v2\/posts\/30772\/revisions"}],"wp:featuredmedia":[{"embeddable":true,"href":"https:\/\/247stiri.ro\/index.php\/wp-json\/wp\/v2\/media\/30773"}],"wp:attachment":[{"href":"https:\/\/247stiri.ro\/index.php\/wp-json\/wp\/v2\/media?parent=30772"}],"wp:term":[{"taxonomy":"category","embeddable":true,"href":"https:\/\/247stiri.ro\/index.php\/wp-json\/wp\/v2\/categories?post=30772"},{"taxonomy":"post_tag","embeddable":true,"href":"https:\/\/247stiri.ro\/index.php\/wp-json\/wp\/v2\/tags?post=30772"}],"curies":[{"name":"wp","href":"https:\/\/api.w.org\/{rel}","templated":true}]}}