{"id":30794,"date":"2025-02-11T12:45:05","date_gmt":"2025-02-11T12:45:05","guid":{"rendered":"https:\/\/247stiri.ro\/index.php\/2025\/02\/11\/audieri-maraton-in-parlament-politicienii-romani-vor-da-explicatii-in-fata-comisiei-de-la-venetia-privind-anularea-alegerilor\/"},"modified":"2025-02-11T12:45:05","modified_gmt":"2025-02-11T12:45:05","slug":"audieri-maraton-in-parlament-politicienii-romani-vor-da-explicatii-in-fata-comisiei-de-la-venetia-privind-anularea-alegerilor","status":"publish","type":"post","link":"https:\/\/247stiri.ro\/index.php\/2025\/02\/11\/audieri-maraton-in-parlament-politicienii-romani-vor-da-explicatii-in-fata-comisiei-de-la-venetia-privind-anularea-alegerilor\/","title":{"rendered":"Audieri maraton, \u00een Parlament. Politicienii rom\u00e2ni vor da explica\u021bii \u00een fa\u021ba Comisiei de la Vene\u021bia privind ANULAREA ALEGERILOR"},"content":{"rendered":"<p>Conform Realitatea PLUS, vor exista discu\u021bii cu liderii fiec\u0103rui partid parlamentar \u00een parte. Reprezentan\u021bii Comisiei de la Vene\u021bia doresc s\u0103 afle, astfel, ce s-a \u00eent\u00e2mplat concret \u00een cazul scrutinului din decembrie \u0219i de ce s-a ajuns la o anulare.<\/p>\n<p>La 15:30 va \u00eencepe prima \u00eent\u00e2lnire ce va avea loc \u00een Parlamentul Rom\u00e2niei. Urmeaz\u0103 s\u0103 vedem dac\u0103 vor exista \u0219i concluzii dup\u0103 aceste discu\u021bii, care vor putea fi f\u0103cute publice.\u00a0<\/p>\n<p><a href=\"https:\/\/www.realitatea.net\/stiri\/politica\/comisia-de-la-venetia-raport-oficial-privind-prezidentialele-anularea-alegerilor-aspru-criticata-in-ce-conditii-se-pot-relua_679751ef5aef9a67125a92d2#google_vignette\" target=\"_blank\">Comisia de la Vene\u021bia, RAPORT OFICIAL privind preziden\u021bialele: anularea alegerilor, aspru criticat\u0103. \u00cen ce condi\u021bii se pot relua &#8211; vezi documentul<\/a><\/p>\n<p>Reamintim c\u0103 \u00een raportul Comisiei de la Vene\u021bia se spunea foarte clar c\u0103 pentru o astfel de decizie ar fi trebuit s\u0103s e vin\u0103 cu ni\u0219te dovezi mult mai clare dec\u00e2t documente, fie secretizate \u0219i care s\u0103 nu poat\u0103 fi f\u0103cute publice.\u00a0<\/p>\n<p><a href=\"https:\/\/www.realitatea.net\/stiri\/actual\/continua-demersurile-pentru-recuperarea-voturilor-furate-ale-romanilor-ce-mutare-pregatesc-avocatii-lui-calin-georgescu_6797343052752f625a5f1302\" target=\"_blank\">Continu\u0103 demersurile pentru recuperarea VOTURILOR FURATE ale rom\u00e2nilor. Ce mutare preg\u0103tesc avoca\u021bii lui C\u0103lin Georgescu<\/a><\/p>","protected":false},"excerpt":{"rendered":"<p>Conform Realitatea PLUS, vor exista discu\u021bii cu liderii fiec\u0103rui partid parlamentar \u00een parte. Reprezentan\u021bii Comisiei&hellip;<\/p>\n","protected":false},"author":0,"featured_media":30795,"comment_status":"open","ping_status":"open","sticky":false,"template":"","format":"standard","meta":{"footnotes":""},"categories":[3],"tags":[],"class_list":["post-30794","post","type-post","status-publish","format-standard","has-post-thumbnail","hentry","category-politica"],"_links":{"self":[{"href":"https:\/\/247stiri.ro\/index.php\/wp-json\/wp\/v2\/posts\/30794","targetHints":{"allow":["GET"]}}],"collection":[{"href":"https:\/\/247stiri.ro\/index.php\/wp-json\/wp\/v2\/posts"}],"about":[{"href":"https:\/\/247stiri.ro\/index.php\/wp-json\/wp\/v2\/types\/post"}],"replies":[{"embeddable":true,"href":"https:\/\/247stiri.ro\/index.php\/wp-json\/wp\/v2\/comments?post=30794"}],"version-history":[{"count":0,"href":"https:\/\/247stiri.ro\/index.php\/wp-json\/wp\/v2\/posts\/30794\/revisions"}],"wp:featuredmedia":[{"embeddable":true,"href":"https:\/\/247stiri.ro\/index.php\/wp-json\/wp\/v2\/media\/30795"}],"wp:attachment":[{"href":"https:\/\/247stiri.ro\/index.php\/wp-json\/wp\/v2\/media?parent=30794"}],"wp:term":[{"taxonomy":"category","embeddable":true,"href":"https:\/\/247stiri.ro\/index.php\/wp-json\/wp\/v2\/categories?post=30794"},{"taxonomy":"post_tag","embeddable":true,"href":"https:\/\/247stiri.ro\/index.php\/wp-json\/wp\/v2\/tags?post=30794"}],"curies":[{"name":"wp","href":"https:\/\/api.w.org\/{rel}","templated":true}]}}