{"id":30798,"date":"2025-02-11T12:45:07","date_gmt":"2025-02-11T12:45:07","guid":{"rendered":"https:\/\/247stiri.ro\/index.php\/2025\/02\/11\/politia-romana-s-a-autosesizat-dupa-ce-anca-alexandrescu-a-fost-amenintata-cu-moartea-a-fost-deschis-un-dosar-penal\/"},"modified":"2025-02-11T12:45:07","modified_gmt":"2025-02-11T12:45:07","slug":"politia-romana-s-a-autosesizat-dupa-ce-anca-alexandrescu-a-fost-amenintata-cu-moartea-a-fost-deschis-un-dosar-penal","status":"publish","type":"post","link":"https:\/\/247stiri.ro\/index.php\/2025\/02\/11\/politia-romana-s-a-autosesizat-dupa-ce-anca-alexandrescu-a-fost-amenintata-cu-moartea-a-fost-deschis-un-dosar-penal\/","title":{"rendered":"Poli\u021bia Rom\u00e2n\u0103 s-a autosesizat dup\u0103 ce Anca Alexandrescu a fost amenin\u021bat\u0103 cu moartea. A fost deschis un dosar penal"},"content":{"rendered":"<p>\u00cen urma dezv\u0103luirilor \u0219ocante f\u0103cute de<a href=\"https:\/\/www.realitatea.net\/stiri\/politica\/anca-alexandrescu-amenintata-cu-moartea-moderatoarea-emisiunii-culisele-statului-paralel-declaratie-exploziva-sa-mers-mult-prea-departe-cine-se-afla-in-spatele-atacului_67ab249fe81efc14901526c6\" target=\"_blank\"> Anca Alexandrescu,<\/a> Centrul de Informare \u0219i Rela\u021bii Publice din cadrul Inspectoratului General al Poli\u021biei Rom\u00e2ne a condamnat orice fel de comportamnet care \u00eengr\u0103de\u0219te libertatea de exprimare a jurnali\u0219tilor.\u00a0<\/p>\n<p>\u201dAv\u00e2nd \u00een vedere informa\u021biile vehiculate la un post TV, cu privire la unele amenin\u021b\u0103ri primite de o moderatoare din cadrul postului, Centrul de Informare \u0219i Rela\u021bii Publice din cadrul Inspectoratului General al Poli\u021biei Rom\u00e2ne este abilitat s\u0103 comunice urm\u0103toarele:Institu\u021bia noastr\u0103 a luat act de cele transmise \u00een spa\u021biul public \u0219i reiter\u0103m faptul c\u0103 respingem ferm orice comportamente, care aduc atingere liberei exprim\u0103ri a reprezentan\u021bilor mass-media.<\/p>\n<p>Poli\u021bia Rom\u00e2n\u0103 este preocupat\u0103, \u00een cel mai \u00eenalt grad, de orice tip de amenin\u021b\u0103ri la adresa siguran\u021bei tuturor persoanelor, inclusiv la cele propagate prin mijloace social-media\u201d, au anun\u021bat reprezentan\u021bii Poli\u021biei Rom\u00e2ne.\u00a0<\/p>\n<p>Mai mult, ace\u0219tia au subliniat c\u0103 Poli\u021bia Capitalei a deschis, din oficiu, un dosar penal \u00een ceea ce prive\u0219te amenin\u021brile cu moartea primite de jurnalista Anca Alexandrescu \u0219i urmeaz\u0103 s\u0103 fie sesizat Parchetul \u00een acest caz.\u00a0<\/p>\n<p>\u201d\u00cen acest sens, la nivelul Poli\u021biei Capitalei s-a \u00eentocmit, din oficiu, un dosar penal, urm\u00e2nd a fi sesizat\u0103 unitatea de parchet competent\u0103.<\/p>\n<p>De asemenea, preciz\u0103m faptul c\u0103, \u00een conformitate cu prevederile legale, pentru punerea \u00een mi\u0219care a ac\u021biunii penale, \u00een cazul infrac\u021biunii de amenin\u021bare, este necesar\u0103 pl\u00e2ngerea prealabil\u0103 a persoanei v\u0103t\u0103mate\u201d, a transmis Poli\u021bia Rom\u00e2n\u0103.\u00a0<\/p>","protected":false},"excerpt":{"rendered":"<p>\u00cen urma dezv\u0103luirilor \u0219ocante f\u0103cute de Anca Alexandrescu, Centrul de Informare \u0219i Rela\u021bii Publice din&hellip;<\/p>\n","protected":false},"author":0,"featured_media":30799,"comment_status":"open","ping_status":"open","sticky":false,"template":"","format":"standard","meta":{"footnotes":""},"categories":[2],"tags":[],"class_list":["post-30798","post","type-post","status-publish","format-standard","has-post-thumbnail","hentry","category-actual"],"_links":{"self":[{"href":"https:\/\/247stiri.ro\/index.php\/wp-json\/wp\/v2\/posts\/30798","targetHints":{"allow":["GET"]}}],"collection":[{"href":"https:\/\/247stiri.ro\/index.php\/wp-json\/wp\/v2\/posts"}],"about":[{"href":"https:\/\/247stiri.ro\/index.php\/wp-json\/wp\/v2\/types\/post"}],"replies":[{"embeddable":true,"href":"https:\/\/247stiri.ro\/index.php\/wp-json\/wp\/v2\/comments?post=30798"}],"version-history":[{"count":0,"href":"https:\/\/247stiri.ro\/index.php\/wp-json\/wp\/v2\/posts\/30798\/revisions"}],"wp:featuredmedia":[{"embeddable":true,"href":"https:\/\/247stiri.ro\/index.php\/wp-json\/wp\/v2\/media\/30799"}],"wp:attachment":[{"href":"https:\/\/247stiri.ro\/index.php\/wp-json\/wp\/v2\/media?parent=30798"}],"wp:term":[{"taxonomy":"category","embeddable":true,"href":"https:\/\/247stiri.ro\/index.php\/wp-json\/wp\/v2\/categories?post=30798"},{"taxonomy":"post_tag","embeddable":true,"href":"https:\/\/247stiri.ro\/index.php\/wp-json\/wp\/v2\/tags?post=30798"}],"curies":[{"name":"wp","href":"https:\/\/api.w.org\/{rel}","templated":true}]}}