{"id":30802,"date":"2025-02-11T12:45:08","date_gmt":"2025-02-11T12:45:08","guid":{"rendered":"https:\/\/247stiri.ro\/index.php\/2025\/02\/11\/dosarul-urziceni-15-persoane-implicate-in-conflictul-in-urma-caruia-doua-persoane-au-murit-retinute\/"},"modified":"2025-02-11T12:45:08","modified_gmt":"2025-02-11T12:45:08","slug":"dosarul-urziceni-15-persoane-implicate-in-conflictul-in-urma-caruia-doua-persoane-au-murit-retinute","status":"publish","type":"post","link":"https:\/\/247stiri.ro\/index.php\/2025\/02\/11\/dosarul-urziceni-15-persoane-implicate-in-conflictul-in-urma-caruia-doua-persoane-au-murit-retinute\/","title":{"rendered":"Dosarul Urziceni. 15 persoane implicate \u00een conflictul \u00een urma c\u0103ruia dou\u0103 persoane au murit, re\u0163inute"},"content":{"rendered":"<p>Reprezentan\u0163ii Parchetului de pe l\u00e2ng\u0103 Curtea de Apel Bucure\u015fti au anun\u0163at, mar\u0163i, c\u0103 procurorii au deschis urm\u0103rirea penal\u0103 fa\u0163\u0103 de 16 inculpa\u0163i \u015fi nou\u0103 suspec\u0163i, cu privire la s\u0103v\u00e2r\u015firea infrac\u0163iunilor de omor calificat, \u00eencaierare, tulburarea ordinii \u015fi lini\u015ftii publice, nerespectarea regimului armelor \u015fi al muni\u0163iilor, uz de arm\u0103 f\u0103r\u0103 drept, tentativ\u0103 de omor calificat.<\/p>\n<p>\u201d\u00cen fapt, la 08.02.2025, \u00een jurul orei 17:00, pe fondul unei st\u0103ri tensionate preexistente \u00eentre membrii a dou\u0103 familii din jude\u0163ul Prahova, respectiv jude\u0163ul Ialomi\u0163a, cele dou\u0103 grupuri (aproximativ 50 de membri ai celor dou\u0103 familii) au \u00eenceput o \u00eenc\u0103ierare pe str\u0103zile din municipiul <a href=\"https:\/\/www.realitatea.net\/stiri\/actual\/sindicat-de-politie-dupa-scandalul-din-urziceni-in-spital-sunt-100-de-apropiati-ai-celor-care-au-participat_67a7c8685802e2147f30a232\" target=\"_blank\">Urziceni<\/a>, fiind folosite de c\u0103tre ace\u015ftia, f\u0103r\u0103 drept, arme de foc c\u00e2t \u015fi diverse obiecte contondente. Ocazie cu care au fost executate mai multe focuri de arm\u0103, fapt ce a condus la decesul a 2 persoane, dar \u015fi r\u0103nirea altora\u201d, au afirmat procurorii.<\/p>\n<p><a href=\"https:\/\/www.realitatea.net\/stiri\/actual\/detalii-socante-despre-macelul-de-la-urziceni-arme-ingropate-in-gradina-si-mesaje-spartane-ale-agresorilor-murim-sau-luam-25-de-ani_67a8d8a5ccefbf011f13bf48\" target=\"_blank\">Detalii \u0219ocante despre m\u0103celul de la Urziceni. Arme \u00eengropate \u00een gr\u0103din\u0103 \u0219i mesaje spartane ale agresorilor: &#8222;Murim sau lu\u0103m 25 de ani&#8221;<\/a><\/p>\n<p>Cincisprezece persoane au fost re\u0163inute, printre acestea inclusiv autorul infrac\u0163iunii de omor calificat, urm\u00e2nd s\u0103 fie prezentate Tribunalului Bucure\u015fti cu propunere de arestare preventiv\u0103.\u00a0<\/p>\n<p>De asemenea, cu privire la o alt\u0103 persoan\u0103 care se sustrage de la urm\u0103rirea penal\u0103 a fost de asemenea formulat\u0103 propunere de arestare preventiv\u0103 \u00een lips\u0103.<\/p>\n<p><a href=\"https:\/\/www.realitatea.net\/stiri\/actual\/filtre-in-4-judete-dupa-razboiul-din-strada-doi-morti-intro-rafuiala-intre-clanuri-interlope-langa-capitala-motivul-tulburator-din-spatele-macelului_67a99246b0c2a0752e38e856\" target=\"_blank\">Filtre \u00een 4 jude\u021be, dup\u0103 r\u0103zboiul din strad\u0103. Doi mor\u021bi, \u00eentr-o r\u0103fuial\u0103 \u00eentre clanuri interlope, l\u00e2ng\u0103 Capital\u0103. Motivul tulbur\u0103tor din spatele m\u0103celului<\/a><\/p>","protected":false},"excerpt":{"rendered":"<p>Reprezentan\u0163ii Parchetului de pe l\u00e2ng\u0103 Curtea de Apel Bucure\u015fti au anun\u0163at, mar\u0163i, c\u0103 procurorii au&hellip;<\/p>\n","protected":false},"author":0,"featured_media":30803,"comment_status":"open","ping_status":"open","sticky":false,"template":"","format":"standard","meta":{"footnotes":""},"categories":[2],"tags":[],"class_list":["post-30802","post","type-post","status-publish","format-standard","has-post-thumbnail","hentry","category-actual"],"_links":{"self":[{"href":"https:\/\/247stiri.ro\/index.php\/wp-json\/wp\/v2\/posts\/30802","targetHints":{"allow":["GET"]}}],"collection":[{"href":"https:\/\/247stiri.ro\/index.php\/wp-json\/wp\/v2\/posts"}],"about":[{"href":"https:\/\/247stiri.ro\/index.php\/wp-json\/wp\/v2\/types\/post"}],"replies":[{"embeddable":true,"href":"https:\/\/247stiri.ro\/index.php\/wp-json\/wp\/v2\/comments?post=30802"}],"version-history":[{"count":0,"href":"https:\/\/247stiri.ro\/index.php\/wp-json\/wp\/v2\/posts\/30802\/revisions"}],"wp:featuredmedia":[{"embeddable":true,"href":"https:\/\/247stiri.ro\/index.php\/wp-json\/wp\/v2\/media\/30803"}],"wp:attachment":[{"href":"https:\/\/247stiri.ro\/index.php\/wp-json\/wp\/v2\/media?parent=30802"}],"wp:term":[{"taxonomy":"category","embeddable":true,"href":"https:\/\/247stiri.ro\/index.php\/wp-json\/wp\/v2\/categories?post=30802"},{"taxonomy":"post_tag","embeddable":true,"href":"https:\/\/247stiri.ro\/index.php\/wp-json\/wp\/v2\/tags?post=30802"}],"curies":[{"name":"wp","href":"https:\/\/api.w.org\/{rel}","templated":true}]}}