{"id":30806,"date":"2025-02-11T12:45:09","date_gmt":"2025-02-11T12:45:09","guid":{"rendered":"https:\/\/247stiri.ro\/index.php\/2025\/02\/11\/clubuldepresa-ro-ia-atitudine-aparati-supravietuirea-presei-libere-aparati-o-pe-anca-alexandrescu\/"},"modified":"2025-02-11T12:45:09","modified_gmt":"2025-02-11T12:45:09","slug":"clubuldepresa-ro-ia-atitudine-aparati-supravietuirea-presei-libere-aparati-o-pe-anca-alexandrescu","status":"publish","type":"post","link":"https:\/\/247stiri.ro\/index.php\/2025\/02\/11\/clubuldepresa-ro-ia-atitudine-aparati-supravietuirea-presei-libere-aparati-o-pe-anca-alexandrescu\/","title":{"rendered":"Clubuldepresa.ro ia atitudine: &#8222;Ap\u0103ra\u021bi supravie\u021buirea presei libere! Ap\u0103ra\u021bi-o pe Anca Alexandrescu!&#8221;"},"content":{"rendered":"<p>Red\u0103m comunicatul Clubului de pres\u0103:<\/p>\n<p>&#8222;Cunoscuta jurnalist\u0103 Anca Alexandrescu, realizatoarea unei emisiuni de maxim\u0103 audien\u021b\u0103, \u201eCulisele Statului Paralel\u201d, la Realitatea Plus, a fost amenin\u021bat\u0103 cu moartea. Prin mesaje postate pe internet. Este un fapt de o gravitate extrem\u0103, care demonstreaz\u0103 c\u0103 du\u0219manii democra\u021biei ac\u021bioneaz\u0103 prin toate mijloacele pe care le au la \u00eendem\u00e2n\u0103 pentru a suprima libertatea de exprimare. Respectiv libertatea presei.<\/p>\n<p>\u00cen aceast\u0103 situa\u021bie, Clubul de Pres\u0103 someaz\u0103 toate autorit\u0103\u021bile statului \u0219i \u00een primul r\u00e2nd, pe domnul C\u0103t\u0103lin Predoiu, Ministru de Interne, \u0219i Serviciul Rom\u00e2n de Informa\u021bii cu o conducere interimar\u0103 dar cu o diviziune condus\u0103 de generalul Rog, specializat\u0103 \u00een contracararea provoc\u0103rilor \u0219i actelor criminale de tip informatic, s\u0103 ac\u021bioneze de urgen\u021b\u0103 \u0219i s\u0103 furnizeze Parchetului General informa\u021biile necesare astfel \u00eenc\u00e2t atentatorul, oricine ar fi el \u0219i cei care stau \u00een spatele acestuia s\u0103 fie supu\u0219i unor anchete penale \u0219i s\u0103 r\u0103spund\u0103 \u00een fa\u021ba justi\u021biei pentru faptele lor.<\/p>\n<p>Facem precizarea c\u0103 orice ac\u021biune prin care presa este atacat\u0103, orice ac\u021biune care vizeaz\u0103 suprimarea libert\u0103\u021bii de expresie reprezint\u0103 un atentat la siguran\u021ba na\u021bional\u0103 a statului \u0219i de aceea solicit\u0103m interven\u021bia imediat\u0103 a institu\u021biilor abilitate \u0219i gestionarea acestei situa\u021bii cu rigoare, cu fermitate, cu exigen\u021b\u0103.<\/p>\n<p>\u00cen numele Consiliului de Onoare al Clubului de Pres\u0103,<\/p>\n<p>Sorin Ro\u0219ca St\u0103nescu&#8221;<\/p>","protected":false},"excerpt":{"rendered":"<p>Red\u0103m comunicatul Clubului de pres\u0103: &#8222;Cunoscuta jurnalist\u0103 Anca Alexandrescu, realizatoarea unei emisiuni de maxim\u0103 audien\u021b\u0103,&hellip;<\/p>\n","protected":false},"author":0,"featured_media":30807,"comment_status":"open","ping_status":"open","sticky":false,"template":"","format":"standard","meta":{"footnotes":""},"categories":[2],"tags":[],"class_list":["post-30806","post","type-post","status-publish","format-standard","has-post-thumbnail","hentry","category-actual"],"_links":{"self":[{"href":"https:\/\/247stiri.ro\/index.php\/wp-json\/wp\/v2\/posts\/30806","targetHints":{"allow":["GET"]}}],"collection":[{"href":"https:\/\/247stiri.ro\/index.php\/wp-json\/wp\/v2\/posts"}],"about":[{"href":"https:\/\/247stiri.ro\/index.php\/wp-json\/wp\/v2\/types\/post"}],"replies":[{"embeddable":true,"href":"https:\/\/247stiri.ro\/index.php\/wp-json\/wp\/v2\/comments?post=30806"}],"version-history":[{"count":0,"href":"https:\/\/247stiri.ro\/index.php\/wp-json\/wp\/v2\/posts\/30806\/revisions"}],"wp:featuredmedia":[{"embeddable":true,"href":"https:\/\/247stiri.ro\/index.php\/wp-json\/wp\/v2\/media\/30807"}],"wp:attachment":[{"href":"https:\/\/247stiri.ro\/index.php\/wp-json\/wp\/v2\/media?parent=30806"}],"wp:term":[{"taxonomy":"category","embeddable":true,"href":"https:\/\/247stiri.ro\/index.php\/wp-json\/wp\/v2\/categories?post=30806"},{"taxonomy":"post_tag","embeddable":true,"href":"https:\/\/247stiri.ro\/index.php\/wp-json\/wp\/v2\/tags?post=30806"}],"curies":[{"name":"wp","href":"https:\/\/api.w.org\/{rel}","templated":true}]}}