{"id":30815,"date":"2025-02-11T13:45:13","date_gmt":"2025-02-11T13:45:13","guid":{"rendered":"https:\/\/247stiri.ro\/index.php\/2025\/02\/11\/ion-cristoiu-pune-tunurile-pe-ministrul-de-interne-de-ce-nu-l-cheama-opozitia-pe-sinistrul-catalin-predoiu-in-parlament-pentru-abuzurile-sale\/"},"modified":"2025-02-11T13:45:13","modified_gmt":"2025-02-11T13:45:13","slug":"ion-cristoiu-pune-tunurile-pe-ministrul-de-interne-de-ce-nu-l-cheama-opozitia-pe-sinistrul-catalin-predoiu-in-parlament-pentru-abuzurile-sale","status":"publish","type":"post","link":"https:\/\/247stiri.ro\/index.php\/2025\/02\/11\/ion-cristoiu-pune-tunurile-pe-ministrul-de-interne-de-ce-nu-l-cheama-opozitia-pe-sinistrul-catalin-predoiu-in-parlament-pentru-abuzurile-sale\/","title":{"rendered":"Ion Cristoiu pune tunurile pe ministrul de Interne: \u201dDe ce nu-l cheam\u0103 opozi\u021bia pe sinistrul C\u0103t\u0103lin Predoiu \u00een Parlament pentru abuzurile sale?\u201d"},"content":{"rendered":"<p>Dup\u0103 ce pre\u0219edintele ales C\u0103lin Georgescu l-a acuzat pe C\u0103t\u0103lin Predoiu c\u0103 a trimis masca\u021bii s\u0103 perchezi\u021bioneze locuin\u021ba \u0219efului s\u0103u de campanie, reputatul jurnalist \u0219i istoric a afirmat c\u0103 nu \u00eel mir\u0103 aceast\u0103 informa\u021bie, deoarece el a atras aten\u021bia \u00een nenum\u0103rate r\u00e2nduri asupra abuzurilor pe care ministrul de Interne le-a f\u0103cut.\u00a0<\/p>\n<p>\u201dC\u0103lin Georgescu \u00eel acuz\u0103 pe C\u0103t\u0103lin Predoiu c\u0103 a trimis masca\u021bii ca s\u0103 perchezi\u021bioneze, \u00een cadrul unui mare spectacol, locuin\u021ba \u0219edului s\u0103u de campanie. Aceast\u0103 informa\u021bie nu m\u0103 mir\u0103! \u00cen numeroase r\u00e2nduri am atras aten\u021bia c\u0103 numitul, sinistrul, oportunistul C\u0103t\u0103lin Predoiu, pe cale de a deveni \u0219i pre\u0219edintele la PNL, folose\u0219te \u00een calitatea sa de ministru de Interne, folose\u0219te jandarmeria \u0219i poli\u021bia pentru a-l h\u0103itui pe C\u0103lin Georgescu.\u00a0<\/p>\n<p>De ce face asta, sinistrul? Pentru c\u0103 din postura lui de oportunist vrea s\u0103 dovedeasc\u0103, nu \u0219tiu cuiva, cred c\u0103 vreunui serviciu secret c\u0103 el e slug\u0103 b\u0103loas\u0103, pentru c\u0103 altfel nu \u00eemi explic\u201d, a declarat Ion Cristoiu, pe TikTok.\u00a0<\/p>\n<p><a title=\"@ioncristoiu\" href=\"https:\/\/www.tiktok.com\/@ioncristoiu?refer=embed\" target=\"_blank\">@ioncristoiu<\/a><\/p>\n<p>\u00a0<\/p>\n<p><a title=\"\u266c sunet original - ioncristoiu\" href=\"https:\/\/www.tiktok.com\/music\/sunet-original-7470137319421856534?refer=embed\" target=\"_blank\">\u266c sunet original &#8211; ioncristoiu<\/a><\/p>\n<p>Ion Cristoiu a vorbit \u0219i despre r\u0103zboiul de gheril\u0103 lansat de C\u0103t\u0103lin Predoiu \u00eempotriva pre\u0219edintelui ales C\u0103lin Georgescu \u0219i a sus\u021bin\u0103torilor s\u0103i.\u00a0<\/p>\n<p>\u201dV\u0103 reamintesc declara\u021biile lui iresponsabile din postura de viceprim-ministru \u0219i ministru de Interne \u00eempotriva lui C\u0103lin Georgescu, \u00eempotriva sus\u021bin\u0103torilor lui C\u0103lin Georgescu, jignind pe to\u021bi cei care l-au votat pe C\u0103lin Georgescu. S\u0103 mai adaug \u0219i diversiunea cu Potra c\u0103, vezi Doamne, venea \u0103la cu arme s\u0103 arunce \u00een aer Bucure\u0219tiul\u201d, a mai spus legendarul jurnalist.\u00a0<\/p>\n<p>Celebrul om de televiziune este de p\u0103rere c\u0103 opozi\u021bia suveranist\u0103 trebuie s\u0103 \u00eel cheme de urgen\u021b\u0103 pe ministrul de Interne, \u00een Parlament, \u0219i s\u0103 dea explica\u021bii pentru toate abuzurile f\u0103cute.\u00a0<\/p>\n<p>\u201dEu cred c\u0103 opozi\u021bia suveranist\u0103 trebuie s\u0103 \u00eel cheme de urgen\u021b\u0103 pe acest sinistru, acest oportunist, \u00een Parlament \u0219i s\u0103 dea explica\u021bii. S\u0103 se explice pentru declara\u021biile sale.\u00a0<\/p>\n<p>El nu are voie \u00een calitate de ministru al Administra\u021biei \u0219i Internelor care are \u00een subordine aceste institu\u021bii de for\u021b\u0103, ba chiar administrarea alegerilor, s\u0103 fac\u0103 declara\u021bii \u00eempotriva celor care l-au ales pe c\u0103lin Georgescu.\u00a0<\/p>\n<p>De la Marcel Ciolacu nu m\u0103 a\u0219tept, c\u0103 Marcel Ciolacu e fiul ploii acum. El s\u0103racul nu mai \u0219tie cum s\u0103 supravie\u021buiasc\u0103, dar repet, opozi\u021bia este obligat\u0103 s\u0103-l cheme pe sinistrul C\u0103t\u0103lin Predoniu, pe mili\u021bianul C\u0103t\u0103lin Predoiu, \u00een Parlament, s\u0103 dea socoteal\u0103 c\u0103 doar nu o fi \u021bara asta mo\u0219ia lui\u201d, a conchis Ion Cristoiu.\u00a0<\/p>\n<p>\u00a0<\/p>","protected":false},"excerpt":{"rendered":"<p>Dup\u0103 ce pre\u0219edintele ales C\u0103lin Georgescu l-a acuzat pe C\u0103t\u0103lin Predoiu c\u0103 a trimis masca\u021bii&hellip;<\/p>\n","protected":false},"author":0,"featured_media":30814,"comment_status":"open","ping_status":"open","sticky":false,"template":"","format":"standard","meta":{"footnotes":""},"categories":[2],"tags":[],"class_list":["post-30815","post","type-post","status-publish","format-standard","has-post-thumbnail","hentry","category-actual"],"_links":{"self":[{"href":"https:\/\/247stiri.ro\/index.php\/wp-json\/wp\/v2\/posts\/30815","targetHints":{"allow":["GET"]}}],"collection":[{"href":"https:\/\/247stiri.ro\/index.php\/wp-json\/wp\/v2\/posts"}],"about":[{"href":"https:\/\/247stiri.ro\/index.php\/wp-json\/wp\/v2\/types\/post"}],"replies":[{"embeddable":true,"href":"https:\/\/247stiri.ro\/index.php\/wp-json\/wp\/v2\/comments?post=30815"}],"version-history":[{"count":0,"href":"https:\/\/247stiri.ro\/index.php\/wp-json\/wp\/v2\/posts\/30815\/revisions"}],"wp:featuredmedia":[{"embeddable":true,"href":"https:\/\/247stiri.ro\/index.php\/wp-json\/wp\/v2\/media\/30814"}],"wp:attachment":[{"href":"https:\/\/247stiri.ro\/index.php\/wp-json\/wp\/v2\/media?parent=30815"}],"wp:term":[{"taxonomy":"category","embeddable":true,"href":"https:\/\/247stiri.ro\/index.php\/wp-json\/wp\/v2\/categories?post=30815"},{"taxonomy":"post_tag","embeddable":true,"href":"https:\/\/247stiri.ro\/index.php\/wp-json\/wp\/v2\/tags?post=30815"}],"curies":[{"name":"wp","href":"https:\/\/api.w.org\/{rel}","templated":true}]}}