{"id":30842,"date":"2025-02-11T14:45:33","date_gmt":"2025-02-11T14:45:33","guid":{"rendered":"https:\/\/247stiri.ro\/index.php\/2025\/02\/11\/vasile-dincu-despre-desemnarea-lui-crin-antonescu-drept-candidatul-coalitiei-la-presedintie-a-fost-numit-asa-peste-noapte\/"},"modified":"2025-02-11T14:45:33","modified_gmt":"2025-02-11T14:45:33","slug":"vasile-dincu-despre-desemnarea-lui-crin-antonescu-drept-candidatul-coalitiei-la-presedintie-a-fost-numit-asa-peste-noapte","status":"publish","type":"post","link":"https:\/\/247stiri.ro\/index.php\/2025\/02\/11\/vasile-dincu-despre-desemnarea-lui-crin-antonescu-drept-candidatul-coalitiei-la-presedintie-a-fost-numit-asa-peste-noapte\/","title":{"rendered":"Vasile D\u00eencu, despre desemnarea lui Crin Antonescu drept candidatul coali\u021biei la pre\u0219edin\u021bie: \u201dA fost numit a\u0219a, peste noapte\u201d"},"content":{"rendered":"<p>Europarlamentarul PSD a subliniat c\u0103 demisia t\u00e2rzie lui Klaus Iohannis este neadecvat\u0103, deoarece a acutizat haosul politic \u00een care se afl\u0103 \u021bara noastr\u0103.<\/p>\n<p>\u201dAm v\u0103zut \u0219tiri \u00een aceast\u0103 diminea\u021b\u0103 \u0219i la Strasbourg, aici, la televiziunile europene. S-a creat \u0219i mai tare senza\u021bia de haos politic \u00een Rom\u00e2nia, ceea ce nu e adev\u0103rat. Haosul e mai degrab\u0103 o \u00eencercare a celor care vor s\u0103 r\u0103stoarne ordinea din acest moment, ordine care e dat\u0103 de alegerile parlamentare, legitimite. Dl Iohannis, printr-o demisie t\u00e2rzie, mi se pare neadecvat\u0103 acum, a reu\u0219it mai degrab\u0103 s\u0103 accentueze o senza\u021bie de haos sau deriv\u0103 politic\u0103 \u00een Bucure\u0219ti. Asta va crea un bulg\u0103re de z\u0103pad\u0103 care accentueaz\u0103 nivelul dob\u00e2nzilor \u0219i alte angajamente pe care Rom\u00e2nia le are \u00een Europa \u0219i \u00een lume\u201d, a declarat Vasile D\u00eencu.<\/p>\n<p>\u00cen ciuda tuturor zvonurilor legate despre posibila retragere a lui <a href=\"https:\/\/www.realitatea.net\/stiri\/actual\/ilie-bolojan-se-suspenda-din-calitatea-de-presedinte-pnl-si-membru-pnl-cine-ii-va-lua-locul_67aa483ef55bd251274eb412\" target=\"_blank\">Crin Antonescu<\/a> din cursa pentru Cotroceni, D\u00eencu consider\u0103 acesta trebuie s\u0103 r\u0103m\u00e2n\u0103 candidatul coali\u021biei.\u00a0<\/p>\n<p>\u201dDup\u0103 p\u0103rerea mea, va r\u0103m\u00e2ne sau ar trebui s\u0103 r\u0103m\u00e2n\u0103 pentru c\u0103 e vorba de o decizie pe care coali\u021bia a luat-o. Eu mi-am exprimat ni\u0219te rezerve cu privire nu la candidat, la metod\u0103. Poate trebuia s\u0103 cercet\u0103m un pic \u00eenainte de asta. Dar dac\u0103 am luat o hot\u0103r\u00e2re, cred c\u0103 trebuie s\u0103 mearg\u0103 mai departe, pentru c\u0103 e \u0219i aceasta o dovad\u0103 a seriozit\u0103\u021bii cu care trateaz\u0103 coali\u021bia problemele Rom\u00e2niei \u0219i asta e una dintre problemele Rom\u00e2niei. \u00cen fond, e o decizie a PNL, partenerii no\u0219tri, \u0219i vom vedea dac\u0103 ei vor r\u0103m\u00e2ne la fel de constan\u021bi. A fost o \u00een\u021belegere \u00een coali\u021bie s\u0103 fie candidatul la func\u021bia de premier din partea PSD, \u0219i candidatul la preziden\u021biale din partea PNL. Eu cred c\u0103 va r\u0103m\u00e2ne\u201d, a mai spus social-democratul.\u00a0<\/p>\n<p>Fostul ministru al Ap\u0103r\u0103rii a \u021binut s\u0103 precizeze faptul c\u0103 \u00eenainte de desemnarea lui Crin Antonescu drept candidatul coali\u021biei la pre\u0219edin\u021bie trebuiau f\u0103cute ni\u0219te sondaje.\u00a0<\/p>\n<p>\u201dAm spus c\u0103 trebuie s\u0103 facem cercet\u0103ri. Crin Antonescu a fost numit a\u0219a, peste noapte, \u00eenainte de a vedea cum st\u0103 \u00een sondaje, dac\u0103 are \u0219anse\u2026 \u00cencercam s\u0103 explic o situa\u021bie\u201d, a explicat eurodeputatul.<\/p>\n<p>Mai mult, D\u00eencu este de p\u0103rere c\u0103 Antonescu are \u0219anse s\u0103 intre \u00een turul 2 al preziden\u021bialelor \u0219i asta pentru c\u0103 \u201dare \u00een spate dou\u0103 partide foarte importante, e un om politic cu experien\u021b\u0103, foarte bun comunicator\u201d, iar \u00een r\u00e2ndul celorlalte partide exist\u0103 \u201do fragmentare foarte mare\u201d.<\/p>","protected":false},"excerpt":{"rendered":"<p>Europarlamentarul PSD a subliniat c\u0103 demisia t\u00e2rzie lui Klaus Iohannis este neadecvat\u0103, deoarece a acutizat&hellip;<\/p>\n","protected":false},"author":0,"featured_media":30838,"comment_status":"open","ping_status":"open","sticky":false,"template":"","format":"standard","meta":{"footnotes":""},"categories":[2],"tags":[],"class_list":["post-30842","post","type-post","status-publish","format-standard","has-post-thumbnail","hentry","category-actual"],"_links":{"self":[{"href":"https:\/\/247stiri.ro\/index.php\/wp-json\/wp\/v2\/posts\/30842","targetHints":{"allow":["GET"]}}],"collection":[{"href":"https:\/\/247stiri.ro\/index.php\/wp-json\/wp\/v2\/posts"}],"about":[{"href":"https:\/\/247stiri.ro\/index.php\/wp-json\/wp\/v2\/types\/post"}],"replies":[{"embeddable":true,"href":"https:\/\/247stiri.ro\/index.php\/wp-json\/wp\/v2\/comments?post=30842"}],"version-history":[{"count":0,"href":"https:\/\/247stiri.ro\/index.php\/wp-json\/wp\/v2\/posts\/30842\/revisions"}],"wp:featuredmedia":[{"embeddable":true,"href":"https:\/\/247stiri.ro\/index.php\/wp-json\/wp\/v2\/media\/30838"}],"wp:attachment":[{"href":"https:\/\/247stiri.ro\/index.php\/wp-json\/wp\/v2\/media?parent=30842"}],"wp:term":[{"taxonomy":"category","embeddable":true,"href":"https:\/\/247stiri.ro\/index.php\/wp-json\/wp\/v2\/categories?post=30842"},{"taxonomy":"post_tag","embeddable":true,"href":"https:\/\/247stiri.ro\/index.php\/wp-json\/wp\/v2\/tags?post=30842"}],"curies":[{"name":"wp","href":"https:\/\/api.w.org\/{rel}","templated":true}]}}