{"id":30843,"date":"2025-02-11T14:45:33","date_gmt":"2025-02-11T14:45:33","guid":{"rendered":"https:\/\/247stiri.ro\/index.php\/2025\/02\/11\/primarul-din-crevedia-trimis-in-judecata-pentru-trafic-de-persoane-a-fortat-o-persoana-cu-handicap-sa-munceasca-8-ani-la-ferma-lui\/"},"modified":"2025-02-11T14:45:33","modified_gmt":"2025-02-11T14:45:33","slug":"primarul-din-crevedia-trimis-in-judecata-pentru-trafic-de-persoane-a-fortat-o-persoana-cu-handicap-sa-munceasca-8-ani-la-ferma-lui","status":"publish","type":"post","link":"https:\/\/247stiri.ro\/index.php\/2025\/02\/11\/primarul-din-crevedia-trimis-in-judecata-pentru-trafic-de-persoane-a-fortat-o-persoana-cu-handicap-sa-munceasca-8-ani-la-ferma-lui\/","title":{"rendered":"Primarul din Crevedia, trimis \u00een judecat\u0103 pentru trafic de persoane: a for\u021bat o persoan\u0103 cu handicap s\u0103 munceasc\u0103 8 ani la ferma lui"},"content":{"rendered":"<p>Direc\u0163ia de Investigare a Infrac\u0163iunilor de Criminalitate Organizat\u0103 \u015fi Terorism \u2013 Biroul Teritorial D\u00e2mbovi\u0163a a dispus trimiterea \u00een judecat\u0103 a primarului comunei Crevedia pentru trafic de persoane \u015fi supunerea la munc\u0103 for\u0163at\u0103 sau obligatorie, informeaz\u0103 Biroul de Rela\u0163ii Publice al institu\u0163iei men\u0163ionate.\u00a0<\/p>\n<p>Potrivit probatoriului administrat \u00een cauz\u0103, \u00eencep\u00e2nd cu luna iunie 2016, inculpatul, primar al comunei Crevedia, jude\u0163ul D\u00e2mbovi\u0163a, a recrutat o persoan\u0103 din localitate cunosc\u00e2nd \u015fi profit\u00e2nd de starea acesteia de \u201ev\u0103dit\u0103 vulnerabilitate\u201d, respectiv lipsit\u0103 de suport familial, f\u0103r\u0103 locuin\u0163\u0103, cu grad de invaliditate accentuat permanent-handicap mintal, pe care a ad\u0103postit-o \u015fi exploatat-o supun\u00e2nd-o la munc\u0103 for\u0163at\u0103.<\/p>\n<p>Anchetatorii au stabilit c\u0103 inculpatul a constr\u00e2ns victima at\u00e2t fizic, c\u00e2t \u015fi psihic, oblig\u00e2nd-o \u015fi for\u0163\u00e2nd-o s\u0103 \u00eengrijeasc\u0103 permanent animalele de la ferma sa, \u00een condi\u0163ii grele, ob\u0163in\u00e2nd astfel foloase patrimoniale prin neplata muncii prestate de persoana v\u0103t\u0103mat\u0103.\u00a0<\/p>\n<p><a href=\"https:\/\/www.realitatea.net\/stiri\/actual\/primarul-din-crevedia-retinut-dupa-ce-a-exploatat-la-ferma-sa-de-animale-un-barbat-cu-handicap-procurorii-cer-arestare-preventiva-pentru-30-de-zile_675969587a802a561102e632\" target=\"_blank\">Primarul din Crevedia, re\u0163inut dup\u0103 ce a exploatat la ferma sa de animale un b\u0103rbat cu handicap<\/a><\/p>\n<p>\u201eAv\u00e2nd \u00een vedere perioada \u00een care s-a derulat activitatea infrac\u0163ional\u0103, respectiv iunie 2016 &#8211; decembrie 2024, raportat la salariul minim pe economie la nivel na\u0163ional, aferent unei munci necalificate, rezult\u0103 c\u0103 inculpatul a ob\u0163inut \u00een mod nelegal foloase patrimoniale evaluate la suma de 145.914 lei. \u00cen cursul urm\u0103ririi penale a fost instituit sechestru asigurator asupra sumei de 9100 lei apar\u0163in\u00e2nd inculpatului, solicit\u00e2ndu-se instan\u0163ei aplicarea m\u0103surii de siguran\u0163\u0103 a confisc\u0103rii speciale\u201d, men\u0163ioneaz\u0103 sursa citat\u0103.<\/p>\n<p>Dosarul a fost \u00eenaintat spre solu\u0163ionare Tribunalului D\u00e2mbovi\u0163a.<\/p>\n<p>Primarul din Crevedia a fost arestat preventiv \u00een 11 decembrie 2024, iar victima sa a fost preluat\u0103 de D.G.A.S.P.C. D\u00e2mbovi\u0163a.<\/p>\n<p>De asemenea, a fost sesizat\u0103 Direc\u0163ia Sanitar-Veterinar\u0103 D\u00e2mbovi\u0163a s\u0103 fac\u0103 verific\u0103ri cu privire la ferma de animale a primarului, av\u00e2nd \u00een vedere c\u0103 nu au fost identificate documente care s\u0103 ateste legalitatea func\u0163ion\u0103rii acesteia. Inspectorii sanitar-veterinari din D\u00e2mbovi\u0163a au constatat c\u0103 proprietarul nu de\u0163inea cod de exploata\u0163ie \u00eenregistrat \u00een Baza Na\u0163ional\u0103 de Date, fiind descoperi\u0163i 202 porci \u015fi 75 de oi ca apar\u0163in\u00e2nd altei persoane. Proprietarul fermei a fost amendat pentru de\u0163inerea de animale neidentificate \u015fi pentru \u00eenstr\u0103inarea unor animale f\u0103r\u0103 documente.<\/p>\n<p>Primarul din Crevedia a intrat \u00een aten\u0163ia public\u0103 la nivel na\u0163ional dup\u0103 explozia depozitului de gaz care func\u0163iona \u00een localitate f\u0103r\u0103 a avea toate avizele necesare. El este coleg de partid cu primarul din Caracal, Ion Doldurea, care e tat\u0103l unuia dintre patronii depozitului unde s-au produs exploziile \u00een urma c\u0103rora cinci oameni au murit, peste 50 au fost r\u0103ni\u0163i \u015fi mai multe imobile din comun\u0103 au fost distruse.\u00a0<\/p>","protected":false},"excerpt":{"rendered":"<p>Direc\u0163ia de Investigare a Infrac\u0163iunilor de Criminalitate Organizat\u0103 \u015fi Terorism \u2013 Biroul Teritorial D\u00e2mbovi\u0163a a&hellip;<\/p>\n","protected":false},"author":0,"featured_media":30840,"comment_status":"open","ping_status":"open","sticky":false,"template":"","format":"standard","meta":{"footnotes":""},"categories":[2],"tags":[],"class_list":["post-30843","post","type-post","status-publish","format-standard","has-post-thumbnail","hentry","category-actual"],"_links":{"self":[{"href":"https:\/\/247stiri.ro\/index.php\/wp-json\/wp\/v2\/posts\/30843","targetHints":{"allow":["GET"]}}],"collection":[{"href":"https:\/\/247stiri.ro\/index.php\/wp-json\/wp\/v2\/posts"}],"about":[{"href":"https:\/\/247stiri.ro\/index.php\/wp-json\/wp\/v2\/types\/post"}],"replies":[{"embeddable":true,"href":"https:\/\/247stiri.ro\/index.php\/wp-json\/wp\/v2\/comments?post=30843"}],"version-history":[{"count":0,"href":"https:\/\/247stiri.ro\/index.php\/wp-json\/wp\/v2\/posts\/30843\/revisions"}],"wp:featuredmedia":[{"embeddable":true,"href":"https:\/\/247stiri.ro\/index.php\/wp-json\/wp\/v2\/media\/30840"}],"wp:attachment":[{"href":"https:\/\/247stiri.ro\/index.php\/wp-json\/wp\/v2\/media?parent=30843"}],"wp:term":[{"taxonomy":"category","embeddable":true,"href":"https:\/\/247stiri.ro\/index.php\/wp-json\/wp\/v2\/categories?post=30843"},{"taxonomy":"post_tag","embeddable":true,"href":"https:\/\/247stiri.ro\/index.php\/wp-json\/wp\/v2\/tags?post=30843"}],"curies":[{"name":"wp","href":"https:\/\/api.w.org\/{rel}","templated":true}]}}